{"id":68669,"date":"2023-11-27T14:57:25","date_gmt":"2023-11-27T17:57:25","guid":{"rendered":"https:\/\/www.todoeldia.com\/?p=68669"},"modified":"2023-11-27T14:57:29","modified_gmt":"2023-11-27T17:57:29","slug":"ciclo-lectivo-2024-en-salta-se-iniciara-el-26-de-febrero","status":"publish","type":"post","link":"https:\/\/www.todoeldia.com\/index.php\/2023\/11\/27\/ciclo-lectivo-2024-en-salta-se-iniciara-el-26-de-febrero\/","title":{"rendered":"Ciclo lectivo 2024 en Salta se iniciar\u00e1 el 26 de febrero"},"content":{"rendered":"\n<p>El inicio del ciclo lectivo 2024 ser\u00e1 el lunes 26 de febrero y culminar\u00e1 el 19 de diciembre. El receso invernal est\u00e1 previsto entre el 8 y el 19 de julio.<\/p>\n\n\n\n<p>El Ministerio de Educaci\u00f3n de la Provincia, a trav\u00e9s de la Secretar\u00eda de Planeamiento y Formaci\u00f3n Docente, inform\u00f3 que el inicio del ciclo lectivo 2024 ser\u00e1 el lunes 26 de febrero.<\/p>\n\n\n\n<p>Las clases del pr\u00f3ximo a\u00f1o culminar\u00e1n el 19 de diciembre.&nbsp; A mitad de a\u00f1o, entre el 8 y el 19 de julio est\u00e1 previsto el receso invernal.<\/p>\n\n\n\n<p>La informaci\u00f3n fue confirmada por la secretaria de Planeamiento Educativo, Anal\u00eda Guardo, quien destac\u00f3 que Salta contin\u00faa apostando por los 190 d\u00edas de clases.<\/p>\n\n\n\n<p>El lunes 26 de febrero iniciar\u00e1n los niveles de Educaci\u00f3n Inicial, Primaria y sus Modalidades y Educaci\u00f3n Secundaria y sus Modalidades. Para todos ellos, la fecha de finalizaci\u00f3n ser\u00e1 el 19 de diciembre.<\/p>\n\n\n\n<p>El Nivel de Educaci\u00f3n Superior iniciar\u00e1 el 11 de marzo y terminar\u00e1 el 30 de noviembre.<\/p>\n\n\n\n<p>Ciclo lectivo para las escuelas con r\u00e9gimen de verano<\/p>\n\n\n\n<p>Los niveles de Educaci\u00f3n Inicial, de Educaci\u00f3n Primaria y sus Modalidades, de Educaci\u00f3n Secundaria y sus Modalidades empezar\u00e1n el 20 de agosto y terminar\u00e1n el 17 de junio.<\/p>\n\n\n\n<p>El Nivel Superior tendr\u00e1 su inicio de clases el 26 de agosto y culminar\u00e1 el ciclo el 9 de mayo.<\/p>\n","protected":false},"excerpt":{"rendered":"<p>El inicio del ciclo lectivo 2024 ser\u00e1 el lunes 26 de febrero y culminar\u00e1 el 19 de diciembre. El receso invernal est\u00e1 previsto entre el 8 y el 19 de julio. El Ministerio de Educaci\u00f3n de la Provincia, a trav\u00e9s de la Secretar\u00eda de Planeamiento y Formaci\u00f3n Docente, inform\u00f3 que el inicio del ciclo lectivo [&hellip;]<\/p>\n","protected":false},"author":2,"featured_media":23990,"comment_status":"open","ping_status":"open","sticky":false,"template":"","format":"standard","meta":{"tdm_status":"","tdm_grid_status":"","_joinchat":[],"footnotes":""},"categories":[73],"tags":[],"class_list":{"0":"post-68669","1":"post","2":"type-post","3":"status-publish","4":"format-standard","5":"has-post-thumbnail","7":"category-noticias-general"},"amp_enabled":true,"_links":{"self":[{"href":"https:\/\/www.todoeldia.com\/index.php\/wp-json\/wp\/v2\/posts\/68669","targetHints":{"allow":["GET"]}}],"collection":[{"href":"https:\/\/www.todoeldia.com\/index.php\/wp-json\/wp\/v2\/posts"}],"about":[{"href":"https:\/\/www.todoeldia.com\/index.php\/wp-json\/wp\/v2\/types\/post"}],"author":[{"embeddable":true,"href":"https:\/\/www.todoeldia.com\/index.php\/wp-json\/wp\/v2\/users\/2"}],"replies":[{"embeddable":true,"href":"https:\/\/www.todoeldia.com\/index.php\/wp-json\/wp\/v2\/comments?post=68669"}],"version-history":[{"count":1,"href":"https:\/\/www.todoeldia.com\/index.php\/wp-json\/wp\/v2\/posts\/68669\/revisions"}],"predecessor-version":[{"id":68670,"href":"https:\/\/www.todoeldia.com\/index.php\/wp-json\/wp\/v2\/posts\/68669\/revisions\/68670"}],"wp:featuredmedia":[{"embeddable":true,"href":"https:\/\/www.todoeldia.com\/index.php\/wp-json\/wp\/v2\/media\/23990"}],"wp:attachment":[{"href":"https:\/\/www.todoeldia.com\/index.php\/wp-json\/wp\/v2\/media?parent=68669"}],"wp:term":[{"taxonomy":"category","embeddable":true,"href":"https:\/\/www.todoeldia.com\/index.php\/wp-json\/wp\/v2\/categories?post=68669"},{"taxonomy":"post_tag","embeddable":true,"href":"https:\/\/www.todoeldia.com\/index.php\/wp-json\/wp\/v2\/tags?post=68669"}],"curies":[{"name":"wp","href":"https:\/\/api.w.org\/{rel}","templated":true}]}}