{"id":68691,"date":"2023-11-28T10:25:41","date_gmt":"2023-11-28T13:25:41","guid":{"rendered":"https:\/\/www.todoeldia.com\/?p=68691"},"modified":"2023-11-28T10:25:44","modified_gmt":"2023-11-28T13:25:44","slug":"hoy-se-inicia-el-juicio-sera-juzgado-por-asesinar-de-una-punalada-a-su-hermano-en-b-palermo","status":"publish","type":"post","link":"https:\/\/www.todoeldia.com\/index.php\/2023\/11\/28\/hoy-se-inicia-el-juicio-sera-juzgado-por-asesinar-de-una-punalada-a-su-hermano-en-b-palermo\/","title":{"rendered":"Hoy se inicia el juicio: ser\u00e1 juzgado por asesinar de una pu\u00f1alada a su hermano en B\u00b0 Palermo"},"content":{"rendered":"\n<p>Un hombre de 24 a\u00f1os se encuentra acusado por un hecho ocurrido durante la madrugada del 4 de noviembre de 2022, cuando junto a un hermano declarado inimputable, hirieron mortalmente a otro hermano de 19 a\u00f1os. La audiencia de debate comienza este martes y est\u00e1 previsto que se extienda hasta el pr\u00f3ximo 1 de diciembre.<\/p>\n\n\n\n<p>El fiscal penal 2 de la Unidad de Graves Atentados contra las Personas, Gabriel Gonz\u00e1lez, representar\u00e1 al Ministerio P\u00fablico Fiscal ante la Sala II del Tribunal de Juicio del distrito Centro, en la audiencia de debate contra Leonardo Esteban David Zamora de 24 a\u00f1os como del delito de homicidio simple en perjuicio de su hermano de 19 a\u00f1os.<\/p>\n\n\n\n<p>El hecho ocurri\u00f3 durante la madrugada del 4 de noviembre de 2022 en barrio Palermo II, zona Oeste de la ciudad de Salta cuando la v\u00edctima mantuvo una pelea con dos hermanos y fue herido en la zona tor\u00e1cica. Posteriormente falleci\u00f3 debido a una falla multiorg\u00e1nica por shock hipovol\u00e9mico secundario a lesi\u00f3n card\u00edaca y pulmonar provocadas por un arma blanca.<\/p>\n\n\n\n<p>Uno de los hermanos, de 28 a\u00f1os, quien tambi\u00e9n particip\u00f3 en el hecho, fue sobrese\u00eddo por inimputabilidad.<\/p>\n\n\n\n<p>La audiencia ser\u00e1 presidida por el juez Amadeo Longarte y seg\u00fan lo previsto por el Tribunal, se desarrollar\u00e1 entre este martes y el 1 de diciembre.<\/p>\n","protected":false},"excerpt":{"rendered":"<p>Un hombre de 24 a\u00f1os se encuentra acusado por un hecho ocurrido durante la madrugada del 4 de noviembre de 2022, cuando junto a un hermano declarado inimputable, hirieron mortalmente a otro hermano de 19 a\u00f1os. La audiencia de debate comienza este martes y est\u00e1 previsto que se extienda hasta el pr\u00f3ximo 1 de diciembre. [&hellip;]<\/p>\n","protected":false},"author":2,"featured_media":44181,"comment_status":"open","ping_status":"open","sticky":false,"template":"","format":"standard","meta":{"tdm_status":"","tdm_grid_status":"","_joinchat":[],"footnotes":""},"categories":[63],"tags":[],"class_list":{"0":"post-68691","1":"post","2":"type-post","3":"status-publish","4":"format-standard","5":"has-post-thumbnail","7":"category-policiales"},"amp_enabled":true,"_links":{"self":[{"href":"https:\/\/www.todoeldia.com\/index.php\/wp-json\/wp\/v2\/posts\/68691","targetHints":{"allow":["GET"]}}],"collection":[{"href":"https:\/\/www.todoeldia.com\/index.php\/wp-json\/wp\/v2\/posts"}],"about":[{"href":"https:\/\/www.todoeldia.com\/index.php\/wp-json\/wp\/v2\/types\/post"}],"author":[{"embeddable":true,"href":"https:\/\/www.todoeldia.com\/index.php\/wp-json\/wp\/v2\/users\/2"}],"replies":[{"embeddable":true,"href":"https:\/\/www.todoeldia.com\/index.php\/wp-json\/wp\/v2\/comments?post=68691"}],"version-history":[{"count":1,"href":"https:\/\/www.todoeldia.com\/index.php\/wp-json\/wp\/v2\/posts\/68691\/revisions"}],"predecessor-version":[{"id":68692,"href":"https:\/\/www.todoeldia.com\/index.php\/wp-json\/wp\/v2\/posts\/68691\/revisions\/68692"}],"wp:featuredmedia":[{"embeddable":true,"href":"https:\/\/www.todoeldia.com\/index.php\/wp-json\/wp\/v2\/media\/44181"}],"wp:attachment":[{"href":"https:\/\/www.todoeldia.com\/index.php\/wp-json\/wp\/v2\/media?parent=68691"}],"wp:term":[{"taxonomy":"category","embeddable":true,"href":"https:\/\/www.todoeldia.com\/index.php\/wp-json\/wp\/v2\/categories?post=68691"},{"taxonomy":"post_tag","embeddable":true,"href":"https:\/\/www.todoeldia.com\/index.php\/wp-json\/wp\/v2\/tags?post=68691"}],"curies":[{"name":"wp","href":"https:\/\/api.w.org\/{rel}","templated":true}]}}