{"id":68693,"date":"2023-11-28T10:30:20","date_gmt":"2023-11-28T13:30:20","guid":{"rendered":"https:\/\/www.todoeldia.com\/?p=68693"},"modified":"2023-11-28T10:30:24","modified_gmt":"2023-11-28T13:30:24","slug":"llego-en-pedo-le-pego-con-un-palo-de-escoba-a-su-pareja-y-le-rompio-el-celular","status":"publish","type":"post","link":"https:\/\/www.todoeldia.com\/index.php\/2023\/11\/28\/llego-en-pedo-le-pego-con-un-palo-de-escoba-a-su-pareja-y-le-rompio-el-celular\/","title":{"rendered":"Lleg\u00f3 en \u201cpedo\u201d le peg\u00f3 con un palo de escoba a su pareja y le rompi\u00f3 el celular"},"content":{"rendered":"\n<p>Una mujer denunci\u00f3 que su pareja, luego de iniciar una discusi\u00f3n, la agredi\u00f3 con un palo, caus\u00e1ndole lesiones. Cuando llam\u00f3 al Sistema de Emergencias 911, \u00e9ste le rompi\u00f3 el tel\u00e9fono.<\/p>\n\n\n\n<p>El fiscal penal de Rosario de la Frontera, Oscar L\u00f3pez Ibarra, imput\u00f3 de forma provisional a un hombre de 30 a\u00f1os como autor de los delitos de lesiones leves agravadas por la relaci\u00f3n de pareja, violencia de g\u00e9nero y la convivencia en concurso real con da\u00f1os.<\/p>\n\n\n\n<p>Tras la audiencia de imputaci\u00f3n, desde la Fiscal\u00eda se solicit\u00f3 que permanezca detenido.<\/p>\n\n\n\n<p>El acusado mantiene una relaci\u00f3n de pareja de alrededor de 7 a\u00f1os con la denunciante. Seg\u00fan el testimonio de esta \u00faltima, el individuo habr\u00eda llegado a la vivienda ubicada en el barrio Ram\u00f3n Abdala en estado de ebriedad, desencadenando una serie de eventos violentos.<\/p>\n\n\n\n<p>En primer lugar, el acusado habr\u00eda comenzado a proferir insultos hacia la denunciante, atribuyendo la causa de su agresividad a los celos. Posteriormente, habr\u00eda utilizado un palo de escoba para agredir a la denunciante en diversas partes de su cuerpo, ocasion\u00e1ndole lesiones.<\/p>\n\n\n\n<p>La v\u00edctima, al percatarse del riesgo y en un intento de buscar ayuda, habr\u00eda llamado al Sistema de Emergencias 911. Sin embargo, el acusado habr\u00eda destruido el tel\u00e9fono de la denunciante, limitando su capacidad para solicitar protecci\u00f3n de manera inmediata.<\/p>\n","protected":false},"excerpt":{"rendered":"<p>Una mujer denunci\u00f3 que su pareja, luego de iniciar una discusi\u00f3n, la agredi\u00f3 con un palo, caus\u00e1ndole lesiones. Cuando llam\u00f3 al Sistema de Emergencias 911, \u00e9ste le rompi\u00f3 el tel\u00e9fono. El fiscal penal de Rosario de la Frontera, Oscar L\u00f3pez Ibarra, imput\u00f3 de forma provisional a un hombre de 30 a\u00f1os como autor de los [&hellip;]<\/p>\n","protected":false},"author":2,"featured_media":47716,"comment_status":"open","ping_status":"open","sticky":false,"template":"","format":"standard","meta":{"tdm_status":"","tdm_grid_status":"","_joinchat":[],"footnotes":""},"categories":[63],"tags":[],"class_list":{"0":"post-68693","1":"post","2":"type-post","3":"status-publish","4":"format-standard","5":"has-post-thumbnail","7":"category-policiales"},"amp_enabled":true,"_links":{"self":[{"href":"https:\/\/www.todoeldia.com\/index.php\/wp-json\/wp\/v2\/posts\/68693","targetHints":{"allow":["GET"]}}],"collection":[{"href":"https:\/\/www.todoeldia.com\/index.php\/wp-json\/wp\/v2\/posts"}],"about":[{"href":"https:\/\/www.todoeldia.com\/index.php\/wp-json\/wp\/v2\/types\/post"}],"author":[{"embeddable":true,"href":"https:\/\/www.todoeldia.com\/index.php\/wp-json\/wp\/v2\/users\/2"}],"replies":[{"embeddable":true,"href":"https:\/\/www.todoeldia.com\/index.php\/wp-json\/wp\/v2\/comments?post=68693"}],"version-history":[{"count":1,"href":"https:\/\/www.todoeldia.com\/index.php\/wp-json\/wp\/v2\/posts\/68693\/revisions"}],"predecessor-version":[{"id":68694,"href":"https:\/\/www.todoeldia.com\/index.php\/wp-json\/wp\/v2\/posts\/68693\/revisions\/68694"}],"wp:featuredmedia":[{"embeddable":true,"href":"https:\/\/www.todoeldia.com\/index.php\/wp-json\/wp\/v2\/media\/47716"}],"wp:attachment":[{"href":"https:\/\/www.todoeldia.com\/index.php\/wp-json\/wp\/v2\/media?parent=68693"}],"wp:term":[{"taxonomy":"category","embeddable":true,"href":"https:\/\/www.todoeldia.com\/index.php\/wp-json\/wp\/v2\/categories?post=68693"},{"taxonomy":"post_tag","embeddable":true,"href":"https:\/\/www.todoeldia.com\/index.php\/wp-json\/wp\/v2\/tags?post=68693"}],"curies":[{"name":"wp","href":"https:\/\/api.w.org\/{rel}","templated":true}]}}