{"id":68700,"date":"2023-11-28T10:48:37","date_gmt":"2023-11-28T13:48:37","guid":{"rendered":"https:\/\/www.todoeldia.com\/?p=68700"},"modified":"2023-11-28T10:48:39","modified_gmt":"2023-11-28T13:48:39","slug":"el-tren-turistico-solar-de-jujuy-empezara-a-funcionar-en-marzo-y-tendra-tarifas-diferenciadas","status":"publish","type":"post","link":"https:\/\/www.todoeldia.com\/index.php\/2023\/11\/28\/el-tren-turistico-solar-de-jujuy-empezara-a-funcionar-en-marzo-y-tendra-tarifas-diferenciadas\/","title":{"rendered":"El tren tur\u00edstico solar de Jujuy empezar\u00e1 a funcionar en marzo y tendr\u00e1 tarifas diferenciadas"},"content":{"rendered":"\n<p>Se cobrar\u00e1 distinto a juje\u00f1os, turistas nacionales e internacionales. En una primera etapa, solo se realizar\u00e1 el trayecto Volc\u00e1n \u2013 Tilcara con el objetivo de ampliarlo al corto plazo hasta Humahuaca.<\/p>\n\n\n\n<p>Se prev\u00e9 que el tren tur\u00edstico est\u00e9 operativo para la gente a principios de marzo del 2024.<\/p>\n\n\n\n<figure class=\"wp-block-image size-large\"><img loading=\"lazy\" decoding=\"async\" width=\"1024\" height=\"678\" src=\"https:\/\/www.todoeldia.com\/wp-content\/uploads\/2023\/11\/image-167-1024x678.png\" alt=\"\" class=\"wp-image-68702\" srcset=\"https:\/\/www.todoeldia.com\/wp-content\/uploads\/2023\/11\/image-167-1024x678.png 1024w, https:\/\/www.todoeldia.com\/wp-content\/uploads\/2023\/11\/image-167-300x199.png 300w, https:\/\/www.todoeldia.com\/wp-content\/uploads\/2023\/11\/image-167-768x508.png 768w, https:\/\/www.todoeldia.com\/wp-content\/uploads\/2023\/11\/image-167-696x461.png 696w, https:\/\/www.todoeldia.com\/wp-content\/uploads\/2023\/11\/image-167-1068x707.png 1068w, https:\/\/www.todoeldia.com\/wp-content\/uploads\/2023\/11\/image-167-635x420.png 635w, https:\/\/www.todoeldia.com\/wp-content\/uploads\/2023\/11\/image-167.png 1200w\" sizes=\"auto, (max-width: 1024px) 100vw, 1024px\" \/><\/figure>\n\n\n\n<p>Ahora, se est\u00e1 realizando todo el montaje para lo que ser\u00e1n las pruebas y posterior puesta en funcionamiento del mismo. Diego Valdecantos, secretario de Cultura y Turismo, dio m\u00e1s precisiones de lo que ser\u00e1 el lanzamiento oficial y los costos que tendr\u00e1 este nuevo atractivo. Seg\u00fan expuso, en marzo estar\u00eda operando si llegan con los permisos y evaluaciones correspondientes. En una primera etapa ser\u00e1 \u00fanicamente el tramo Volc\u00e1n \u2013Tilcara, con la idea de ampliarlo en el corto plazo hasta Humahuaca. En cuanto a la capacidad, mencion\u00f3 que son dos vagones de 70 pasajeros cada uno y aclar\u00f3 que habr\u00e1 tarifa diferencial para juje\u00f1os, turistas nacionales e internacionales, aunque a\u00fan no est\u00e1n definidos los montos.<\/p>\n","protected":false},"excerpt":{"rendered":"<p>Se cobrar\u00e1 distinto a juje\u00f1os, turistas nacionales e internacionales. En una primera etapa, solo se realizar\u00e1 el trayecto Volc\u00e1n \u2013 Tilcara con el objetivo de ampliarlo al corto plazo hasta Humahuaca. Se prev\u00e9 que el tren tur\u00edstico est\u00e9 operativo para la gente a principios de marzo del 2024. Ahora, se est\u00e1 realizando todo el montaje [&hellip;]<\/p>\n","protected":false},"author":2,"featured_media":68701,"comment_status":"open","ping_status":"open","sticky":false,"template":"","format":"standard","meta":{"tdm_status":"","tdm_grid_status":"","_joinchat":[],"footnotes":""},"categories":[73],"tags":[],"class_list":{"0":"post-68700","1":"post","2":"type-post","3":"status-publish","4":"format-standard","5":"has-post-thumbnail","7":"category-noticias-general"},"amp_enabled":true,"_links":{"self":[{"href":"https:\/\/www.todoeldia.com\/index.php\/wp-json\/wp\/v2\/posts\/68700","targetHints":{"allow":["GET"]}}],"collection":[{"href":"https:\/\/www.todoeldia.com\/index.php\/wp-json\/wp\/v2\/posts"}],"about":[{"href":"https:\/\/www.todoeldia.com\/index.php\/wp-json\/wp\/v2\/types\/post"}],"author":[{"embeddable":true,"href":"https:\/\/www.todoeldia.com\/index.php\/wp-json\/wp\/v2\/users\/2"}],"replies":[{"embeddable":true,"href":"https:\/\/www.todoeldia.com\/index.php\/wp-json\/wp\/v2\/comments?post=68700"}],"version-history":[{"count":1,"href":"https:\/\/www.todoeldia.com\/index.php\/wp-json\/wp\/v2\/posts\/68700\/revisions"}],"predecessor-version":[{"id":68703,"href":"https:\/\/www.todoeldia.com\/index.php\/wp-json\/wp\/v2\/posts\/68700\/revisions\/68703"}],"wp:featuredmedia":[{"embeddable":true,"href":"https:\/\/www.todoeldia.com\/index.php\/wp-json\/wp\/v2\/media\/68701"}],"wp:attachment":[{"href":"https:\/\/www.todoeldia.com\/index.php\/wp-json\/wp\/v2\/media?parent=68700"}],"wp:term":[{"taxonomy":"category","embeddable":true,"href":"https:\/\/www.todoeldia.com\/index.php\/wp-json\/wp\/v2\/categories?post=68700"},{"taxonomy":"post_tag","embeddable":true,"href":"https:\/\/www.todoeldia.com\/index.php\/wp-json\/wp\/v2\/tags?post=68700"}],"curies":[{"name":"wp","href":"https:\/\/api.w.org\/{rel}","templated":true}]}}