{"id":68717,"date":"2023-11-28T12:10:23","date_gmt":"2023-11-28T15:10:23","guid":{"rendered":"https:\/\/www.todoeldia.com\/?p=68717"},"modified":"2023-11-28T12:10:29","modified_gmt":"2023-11-28T15:10:29","slug":"ruta-del-dinero-k-la-camara-federal-revoco-el-sobreseimiento-de-cristina-kirchner-y-ordeno-seguir-investigandola","status":"publish","type":"post","link":"https:\/\/www.todoeldia.com\/index.php\/2023\/11\/28\/ruta-del-dinero-k-la-camara-federal-revoco-el-sobreseimiento-de-cristina-kirchner-y-ordeno-seguir-investigandola\/","title":{"rendered":"Ruta del dinero k: la C\u00e1mara Federal revoc\u00f3 el sobreseimiento de Cristina Kirchner y orden\u00f3 seguir investig\u00e1ndola"},"content":{"rendered":"\n<p>Por dos votos a uno, la Sala II del tribunal orden\u00f3 hacer lugar a la reapertura de la investigaci\u00f3n contra la vicepresidenta. El fiscal Marijuan hab\u00eda dictaminado por dar por terminada con la acusaci\u00f3n tras diez a\u00f1os de tr\u00e1mite, pero una ONG pidi\u00f3 ser querellante y apel\u00f3. Ahora la causa vuelve a Casanello<\/p>\n\n\n\n<p>La vicepresidenta Cristina Kirchner seguir\u00e1 siendo investigada en la causa conocida como la \u201cruta del dinero k\u201d, por la que ya fueron condenados a prisi\u00f3n el empresario santacruce\u00f1o L\u00e1zaro B\u00e1ez, sus hijos, el arrepentido Leo Fari\u00f1a y un grupo de financistas, entre otros. Seg\u00fan revelaron a Infobae fuentes judiciales, por dos votos a uno, la C\u00e1mara Federal hizo lugar a un planteo de una ONG que se convirti\u00f3 en querellante en la causa, y revoc\u00f3 el sobreseimiento de la ex jefa de Estado, que hab\u00eda firmado el juez Sebasti\u00e1n Casanello, a instancias del fiscal Guillermo Marijuan y con el aval de la Administraci\u00f3n Federal de Ingresos P\u00fablicos (AFIP) y de la Unidad de Informaci\u00f3n Financiera (UIF).<\/p>\n\n\n\n<figure class=\"wp-block-image size-large\"><img loading=\"lazy\" decoding=\"async\" width=\"1024\" height=\"538\" src=\"https:\/\/www.todoeldia.com\/wp-content\/uploads\/2021\/02\/Lazaro_Baez-3-1024x538.jpg\" alt=\"\" class=\"wp-image-17831\" srcset=\"https:\/\/www.todoeldia.com\/wp-content\/uploads\/2021\/02\/Lazaro_Baez-3-1024x538.jpg 1024w, https:\/\/www.todoeldia.com\/wp-content\/uploads\/2021\/02\/Lazaro_Baez-3-300x158.jpg 300w, https:\/\/www.todoeldia.com\/wp-content\/uploads\/2021\/02\/Lazaro_Baez-3-768x403.jpg 768w, https:\/\/www.todoeldia.com\/wp-content\/uploads\/2021\/02\/Lazaro_Baez-3-696x365.jpg 696w, https:\/\/www.todoeldia.com\/wp-content\/uploads\/2021\/02\/Lazaro_Baez-3-1068x561.jpg 1068w, https:\/\/www.todoeldia.com\/wp-content\/uploads\/2021\/02\/Lazaro_Baez-3-800x420.jpg 800w, https:\/\/www.todoeldia.com\/wp-content\/uploads\/2021\/02\/Lazaro_Baez-3.jpg 1200w\" sizes=\"auto, (max-width: 1024px) 100vw, 1024px\" \/><\/figure>\n\n\n\n<p>La orden de reabrir la investigaci\u00f3n sobre CFK se trat\u00f3 de una decisi\u00f3n dividida. El juez Eduardo Farah vot\u00f3 en minor\u00eda por rechazar el planteo. Los jueces Mariano Llorens y Pablo Bertuzzi, en cambio, hicieron lugar al reclamo de la asociaci\u00f3n civil Bases Republicanas, ligada al macrismo. No aceptaron declarar la nulidad del dictamen del fiscal Marijuan el 24 de mayo pasado, como pretend\u00eda la ONG, pero s\u00ed dispusieron que el juez d\u00e9 tr\u00e1mite al planteo del nuevo querellante como acusador.<\/p>\n\n\n\n<figure class=\"wp-block-image size-large is-resized\"><img loading=\"lazy\" decoding=\"async\" width=\"1024\" height=\"503\" src=\"https:\/\/www.todoeldia.com\/wp-content\/uploads\/2023\/11\/image-168-1024x503.png\" alt=\"\" class=\"wp-image-68719\" style=\"width:1068px;height:auto\" srcset=\"https:\/\/www.todoeldia.com\/wp-content\/uploads\/2023\/11\/image-168-1024x503.png 1024w, https:\/\/www.todoeldia.com\/wp-content\/uploads\/2023\/11\/image-168-300x147.png 300w, https:\/\/www.todoeldia.com\/wp-content\/uploads\/2023\/11\/image-168-768x377.png 768w, https:\/\/www.todoeldia.com\/wp-content\/uploads\/2023\/11\/image-168-696x342.png 696w, https:\/\/www.todoeldia.com\/wp-content\/uploads\/2023\/11\/image-168-1068x525.png 1068w, https:\/\/www.todoeldia.com\/wp-content\/uploads\/2023\/11\/image-168-855x420.png 855w, https:\/\/www.todoeldia.com\/wp-content\/uploads\/2023\/11\/image-168-324x160.png 324w, https:\/\/www.todoeldia.com\/wp-content\/uploads\/2023\/11\/image-168-533x261.png 533w, https:\/\/www.todoeldia.com\/wp-content\/uploads\/2023\/11\/image-168.png 1256w\" sizes=\"auto, (max-width: 1024px) 100vw, 1024px\" \/><\/figure>\n\n\n\n<p><strong>Lazaro y su hijo Mart\u00edn B\u00e1ez<\/strong><\/p>\n\n\n\n<p>La suerte de la reapertura de la causa parec\u00eda un secreto a voces cuando el 17 de agosto la C\u00e1mara Federal, con la misma conformaci\u00f3n, acept\u00f3 a esa ONG como querellante. Fue tambi\u00e9n en esa sinton\u00eda que la defensa de CFK sostuvo que estaba siendo perseguida pol\u00edticamente y pidi\u00f3 la recusaci\u00f3n de los dos jueces Bertuzzi y Llorens que hab\u00edan hecho lugar a ese nuevo acusador. Farah, no obstante, rechaz\u00f3 apartarlos por entender que no estaban dadas las condiciones para aceptar ese planteo.<\/p>\n\n\n\n<p>El caso, conocido como La ruta del dinero K, comenz\u00f3 en abril de 2013, y gran parte de esa investigaci\u00f3n ya se debati\u00f3 en juicio. All\u00ed L\u00e1zaro B\u00e1ez fue condenado junto a otros 17 imputados, entre ellos sus hijos, por haber llevado adelante s maniobra millonarias de lavado de dinero, que rondaron los 55 millones de d\u00f3lares. En el juicio oral se sostuvo que ese dinero proven\u00eda de la facturaci\u00f3n ilegal y de la obra p\u00fablica. En Casaci\u00f3n confirmaron las condenas, aunque bajaron las penas. Y solo uno de los votos ratific\u00f3 que el dinero ven\u00eda de la obra p\u00fablica.<\/p>\n","protected":false},"excerpt":{"rendered":"<p>Por dos votos a uno, la Sala II del tribunal orden\u00f3 hacer lugar a la reapertura de la investigaci\u00f3n contra la vicepresidenta. El fiscal Marijuan hab\u00eda dictaminado por dar por terminada con la acusaci\u00f3n tras diez a\u00f1os de tr\u00e1mite, pero una ONG pidi\u00f3 ser querellante y apel\u00f3. Ahora la causa vuelve a Casanello La vicepresidenta [&hellip;]<\/p>\n","protected":false},"author":2,"featured_media":68718,"comment_status":"open","ping_status":"open","sticky":false,"template":"","format":"standard","meta":{"tdm_status":"","tdm_grid_status":"","_joinchat":[],"footnotes":""},"categories":[63],"tags":[],"class_list":{"0":"post-68717","1":"post","2":"type-post","3":"status-publish","4":"format-standard","5":"has-post-thumbnail","7":"category-policiales"},"amp_enabled":true,"_links":{"self":[{"href":"https:\/\/www.todoeldia.com\/index.php\/wp-json\/wp\/v2\/posts\/68717","targetHints":{"allow":["GET"]}}],"collection":[{"href":"https:\/\/www.todoeldia.com\/index.php\/wp-json\/wp\/v2\/posts"}],"about":[{"href":"https:\/\/www.todoeldia.com\/index.php\/wp-json\/wp\/v2\/types\/post"}],"author":[{"embeddable":true,"href":"https:\/\/www.todoeldia.com\/index.php\/wp-json\/wp\/v2\/users\/2"}],"replies":[{"embeddable":true,"href":"https:\/\/www.todoeldia.com\/index.php\/wp-json\/wp\/v2\/comments?post=68717"}],"version-history":[{"count":1,"href":"https:\/\/www.todoeldia.com\/index.php\/wp-json\/wp\/v2\/posts\/68717\/revisions"}],"predecessor-version":[{"id":68720,"href":"https:\/\/www.todoeldia.com\/index.php\/wp-json\/wp\/v2\/posts\/68717\/revisions\/68720"}],"wp:featuredmedia":[{"embeddable":true,"href":"https:\/\/www.todoeldia.com\/index.php\/wp-json\/wp\/v2\/media\/68718"}],"wp:attachment":[{"href":"https:\/\/www.todoeldia.com\/index.php\/wp-json\/wp\/v2\/media?parent=68717"}],"wp:term":[{"taxonomy":"category","embeddable":true,"href":"https:\/\/www.todoeldia.com\/index.php\/wp-json\/wp\/v2\/categories?post=68717"},{"taxonomy":"post_tag","embeddable":true,"href":"https:\/\/www.todoeldia.com\/index.php\/wp-json\/wp\/v2\/tags?post=68717"}],"curies":[{"name":"wp","href":"https:\/\/api.w.org\/{rel}","templated":true}]}}