{"id":68721,"date":"2023-11-28T12:22:02","date_gmt":"2023-11-28T15:22:02","guid":{"rendered":"https:\/\/www.todoeldia.com\/?p=68721"},"modified":"2023-11-28T12:22:05","modified_gmt":"2023-11-28T15:22:05","slug":"rogelio-frigerio-hoy-no-tenemos-los-recursos-para-pagar-sueldos-y-aguinaldos-porque-gastaron-en-la-campana","status":"publish","type":"post","link":"https:\/\/www.todoeldia.com\/index.php\/2023\/11\/28\/rogelio-frigerio-hoy-no-tenemos-los-recursos-para-pagar-sueldos-y-aguinaldos-porque-gastaron-en-la-campana\/","title":{"rendered":"Rogelio Frigerio: \u201cHoy no tenemos los recursos para pagar sueldos y aguinaldos porque gastaron en la campa\u00f1a\u201d"},"content":{"rendered":"\n<p>El gobernador electo de Entre R\u00edos hizo referencia a las limitaciones presupuestarias que enfrentar\u00e1 a partir de su asunci\u00f3n. Adem\u00e1s, habl\u00f3 sobre el futuro de Juntos por el Cambio.<\/p>\n\n\n\n<p>El gobernador electo de la provincia de Entre R\u00edos, Rogelio Frigerio, alert\u00f3 este mi\u00e9rcoles sobre los inconvenientes que enfrentar\u00e1 al asumir como mandatario provincial, m\u00e1s que nada en materia econ\u00f3mica. De hecho, asegur\u00f3 que el gobierno provincial tendr\u00e1 inconvenientes para afrontar el pago de salarios y el medio aguinaldo, en el mes de diciembre.<\/p>\n\n\n\n<p>\u201cEstamos todas las provincias muy parecidas. Ac\u00e1 hay un problema importante que surge con la decisi\u00f3n del oficialismo en la campa\u00f1a, de hacer pol\u00edtica con recursos provinciales. Hago referencia a la baja de impuestos que afectaron a la coparticipaci\u00f3n de impuestos. Eso implica que nos falta pr\u00e1cticamente una masa salarial y eso complica el pago de sueldos y aguinaldos. Estamos muy preocupados por esta situaci\u00f3n\u201d, manifest\u00f3 el dirigente de Juntos por el Cambio, en di\u00e1logo con Radio Mitre.<\/p>\n","protected":false},"excerpt":{"rendered":"<p>El gobernador electo de Entre R\u00edos hizo referencia a las limitaciones presupuestarias que enfrentar\u00e1 a partir de su asunci\u00f3n. Adem\u00e1s, habl\u00f3 sobre el futuro de Juntos por el Cambio. El gobernador electo de la provincia de Entre R\u00edos, Rogelio Frigerio, alert\u00f3 este mi\u00e9rcoles sobre los inconvenientes que enfrentar\u00e1 al asumir como mandatario provincial, m\u00e1s que [&hellip;]<\/p>\n","protected":false},"author":2,"featured_media":68722,"comment_status":"open","ping_status":"open","sticky":false,"template":"","format":"standard","meta":{"tdm_status":"","tdm_grid_status":"","_joinchat":[],"footnotes":""},"categories":[59],"tags":[],"class_list":{"0":"post-68721","1":"post","2":"type-post","3":"status-publish","4":"format-standard","5":"has-post-thumbnail","7":"category-politica"},"amp_enabled":true,"_links":{"self":[{"href":"https:\/\/www.todoeldia.com\/index.php\/wp-json\/wp\/v2\/posts\/68721","targetHints":{"allow":["GET"]}}],"collection":[{"href":"https:\/\/www.todoeldia.com\/index.php\/wp-json\/wp\/v2\/posts"}],"about":[{"href":"https:\/\/www.todoeldia.com\/index.php\/wp-json\/wp\/v2\/types\/post"}],"author":[{"embeddable":true,"href":"https:\/\/www.todoeldia.com\/index.php\/wp-json\/wp\/v2\/users\/2"}],"replies":[{"embeddable":true,"href":"https:\/\/www.todoeldia.com\/index.php\/wp-json\/wp\/v2\/comments?post=68721"}],"version-history":[{"count":1,"href":"https:\/\/www.todoeldia.com\/index.php\/wp-json\/wp\/v2\/posts\/68721\/revisions"}],"predecessor-version":[{"id":68723,"href":"https:\/\/www.todoeldia.com\/index.php\/wp-json\/wp\/v2\/posts\/68721\/revisions\/68723"}],"wp:featuredmedia":[{"embeddable":true,"href":"https:\/\/www.todoeldia.com\/index.php\/wp-json\/wp\/v2\/media\/68722"}],"wp:attachment":[{"href":"https:\/\/www.todoeldia.com\/index.php\/wp-json\/wp\/v2\/media?parent=68721"}],"wp:term":[{"taxonomy":"category","embeddable":true,"href":"https:\/\/www.todoeldia.com\/index.php\/wp-json\/wp\/v2\/categories?post=68721"},{"taxonomy":"post_tag","embeddable":true,"href":"https:\/\/www.todoeldia.com\/index.php\/wp-json\/wp\/v2\/tags?post=68721"}],"curies":[{"name":"wp","href":"https:\/\/api.w.org\/{rel}","templated":true}]}}