{"id":68724,"date":"2023-11-28T12:27:54","date_gmt":"2023-11-28T15:27:54","guid":{"rendered":"https:\/\/www.todoeldia.com\/?p=68724"},"modified":"2023-11-28T12:27:56","modified_gmt":"2023-11-28T15:27:56","slug":"alberto-fernandez-critico-a-daniel-scioli-por-su-posible-continuidad-como-embajador-en-brasil","status":"publish","type":"post","link":"https:\/\/www.todoeldia.com\/index.php\/2023\/11\/28\/alberto-fernandez-critico-a-daniel-scioli-por-su-posible-continuidad-como-embajador-en-brasil\/","title":{"rendered":"Alberto Fern\u00e1ndez critic\u00f3 a Daniel Scioli por su posible continuidad como embajador en Brasil"},"content":{"rendered":"\n<p>El presidente dijo que no entiende c\u00f3mo un funcionario de su Gobierno puede continuar tras la asunci\u00f3n del libertario porque representan \u201cdos Argentinas distintas\u201d. Tambi\u00e9n dijo que, por el momento, no renunciar\u00e1 a la conducci\u00f3n del PJ.<\/p>\n\n\n\n<p>La posible continuidad de Daniel Scioli como embajador argentino en Brasil bajo la presidencia de Javier Milei gener\u00f3 un fuerte revuelo dentro del todav\u00eda oficialismo. La futura canciller, Diana Mondino, confirm\u00f3 podr\u00eda seguir en su cargo \u201cen comisi\u00f3n\u201d, aunque aclar\u00f3 que depender\u00e1 de la decisi\u00f3n del ex gobernador bonaerense.<\/p>\n\n\n\n<p>El que hizo p\u00fablico su contundente rechazo fue el presidente Alberto Fern\u00e1ndez, quien este martes afirm\u00f3 que no entiende c\u00f3mo eso puede ocurrir porque es \u201cobjetivamente imposible\u201d que un funcionario suyo acepte trabajar con el pr\u00f3ximo Gobierno ya que son \u201cdos Argentinas distintas\u201d.<\/p>\n\n\n\n<p>Pese a que la futura canciller, Diana Mondino, confirm\u00f3 que hay \u201cvoluntad\u201d de parte de la nueva administraci\u00f3n de que contin\u00fae en el cargo, Scioli llam\u00f3 a \u201crespetar los tiempos constitucionales\u201d y que ser\u00e1 el propio Milei, una vez al frente de la Presidencia de la Naci\u00f3n, \u201cquien informe su gobierno\u201d y la \u201cresponsabilidad en las embajadas\u201d.<\/p>\n\n\n\n<p>Con su ya conocida postura dialoguista, el exgobernador de la provincia de Buenos Aires dijo estar dispuesto a pensar c\u00f3mo puede \u201ccolaborar desde distintos lugares\u201d con la nueva gesti\u00f3n que asumir\u00e1 al frente del pa\u00eds el pr\u00f3ximo 10 de diciembre; remarc\u00f3 que es \u201cun hombre de Estado\u201d y que su objetivo es \u201cdefender los intereses de los argentinos\u201d.<\/p>\n","protected":false},"excerpt":{"rendered":"<p>El presidente dijo que no entiende c\u00f3mo un funcionario de su Gobierno puede continuar tras la asunci\u00f3n del libertario porque representan \u201cdos Argentinas distintas\u201d. Tambi\u00e9n dijo que, por el momento, no renunciar\u00e1 a la conducci\u00f3n del PJ. La posible continuidad de Daniel Scioli como embajador argentino en Brasil bajo la presidencia de Javier Milei gener\u00f3 [&hellip;]<\/p>\n","protected":false},"author":2,"featured_media":68725,"comment_status":"open","ping_status":"open","sticky":false,"template":"","format":"standard","meta":{"tdm_status":"","tdm_grid_status":"","_joinchat":[],"footnotes":""},"categories":[59],"tags":[],"class_list":{"0":"post-68724","1":"post","2":"type-post","3":"status-publish","4":"format-standard","5":"has-post-thumbnail","7":"category-politica"},"amp_enabled":true,"_links":{"self":[{"href":"https:\/\/www.todoeldia.com\/index.php\/wp-json\/wp\/v2\/posts\/68724","targetHints":{"allow":["GET"]}}],"collection":[{"href":"https:\/\/www.todoeldia.com\/index.php\/wp-json\/wp\/v2\/posts"}],"about":[{"href":"https:\/\/www.todoeldia.com\/index.php\/wp-json\/wp\/v2\/types\/post"}],"author":[{"embeddable":true,"href":"https:\/\/www.todoeldia.com\/index.php\/wp-json\/wp\/v2\/users\/2"}],"replies":[{"embeddable":true,"href":"https:\/\/www.todoeldia.com\/index.php\/wp-json\/wp\/v2\/comments?post=68724"}],"version-history":[{"count":1,"href":"https:\/\/www.todoeldia.com\/index.php\/wp-json\/wp\/v2\/posts\/68724\/revisions"}],"predecessor-version":[{"id":68726,"href":"https:\/\/www.todoeldia.com\/index.php\/wp-json\/wp\/v2\/posts\/68724\/revisions\/68726"}],"wp:featuredmedia":[{"embeddable":true,"href":"https:\/\/www.todoeldia.com\/index.php\/wp-json\/wp\/v2\/media\/68725"}],"wp:attachment":[{"href":"https:\/\/www.todoeldia.com\/index.php\/wp-json\/wp\/v2\/media?parent=68724"}],"wp:term":[{"taxonomy":"category","embeddable":true,"href":"https:\/\/www.todoeldia.com\/index.php\/wp-json\/wp\/v2\/categories?post=68724"},{"taxonomy":"post_tag","embeddable":true,"href":"https:\/\/www.todoeldia.com\/index.php\/wp-json\/wp\/v2\/tags?post=68724"}],"curies":[{"name":"wp","href":"https:\/\/api.w.org\/{rel}","templated":true}]}}