{"id":68740,"date":"2023-11-28T18:59:43","date_gmt":"2023-11-28T21:59:43","guid":{"rendered":"https:\/\/www.todoeldia.com\/?p=68740"},"modified":"2023-11-28T18:59:45","modified_gmt":"2023-11-28T21:59:45","slug":"en-salvador-mazza-tras-una-pelea-mato-a-su-hermano-le-tiro-nafta-y-le-prendio-fuego","status":"publish","type":"post","link":"https:\/\/www.todoeldia.com\/index.php\/2023\/11\/28\/en-salvador-mazza-tras-una-pelea-mato-a-su-hermano-le-tiro-nafta-y-le-prendio-fuego\/","title":{"rendered":"En Salvador Mazza tras una pelea mat\u00f3 a su hermano: le tir\u00f3 nafta y le prendi\u00f3 fuego"},"content":{"rendered":"\n<p>El joven de 26 a\u00f1os, identificado como Dar\u00edo Coimbra fue trasladado al hospital de Salvador Mazza y debido a sus graves heridas fue derivado en el avi\u00f3n sanitario en c\u00f3digo rojo al hospital San Bernardo donde falleci\u00f3.<\/p>\n\n\n\n<p>El joven, presentaba quemaduras en el 90 por ciento de su cuerpo y muri\u00f3 por un paro cardiorrespiratorio.<\/p>\n\n\n\n<p>La Polic\u00eda informo que todo comenz\u00f3 con una discusi\u00f3n entre los hermanos en la tarde del lunes en el Barrio Ferroviario que termino de la peor manera, cuando uno de ellos le tiro nafta y la prendi\u00f3 fuego.<\/p>\n","protected":false},"excerpt":{"rendered":"<p>El joven de 26 a\u00f1os, identificado como Dar\u00edo Coimbra fue trasladado al hospital de Salvador Mazza y debido a sus graves heridas fue derivado en el avi\u00f3n sanitario en c\u00f3digo rojo al hospital San Bernardo donde falleci\u00f3. El joven, presentaba quemaduras en el 90 por ciento de su cuerpo y muri\u00f3 por un paro cardiorrespiratorio. [&hellip;]<\/p>\n","protected":false},"author":2,"featured_media":68743,"comment_status":"open","ping_status":"open","sticky":false,"template":"","format":"standard","meta":{"tdm_status":"","tdm_grid_status":"","_joinchat":[],"footnotes":""},"categories":[63],"tags":[],"class_list":{"0":"post-68740","1":"post","2":"type-post","3":"status-publish","4":"format-standard","5":"has-post-thumbnail","7":"category-policiales"},"amp_enabled":true,"_links":{"self":[{"href":"https:\/\/www.todoeldia.com\/index.php\/wp-json\/wp\/v2\/posts\/68740","targetHints":{"allow":["GET"]}}],"collection":[{"href":"https:\/\/www.todoeldia.com\/index.php\/wp-json\/wp\/v2\/posts"}],"about":[{"href":"https:\/\/www.todoeldia.com\/index.php\/wp-json\/wp\/v2\/types\/post"}],"author":[{"embeddable":true,"href":"https:\/\/www.todoeldia.com\/index.php\/wp-json\/wp\/v2\/users\/2"}],"replies":[{"embeddable":true,"href":"https:\/\/www.todoeldia.com\/index.php\/wp-json\/wp\/v2\/comments?post=68740"}],"version-history":[{"count":1,"href":"https:\/\/www.todoeldia.com\/index.php\/wp-json\/wp\/v2\/posts\/68740\/revisions"}],"predecessor-version":[{"id":68744,"href":"https:\/\/www.todoeldia.com\/index.php\/wp-json\/wp\/v2\/posts\/68740\/revisions\/68744"}],"wp:featuredmedia":[{"embeddable":true,"href":"https:\/\/www.todoeldia.com\/index.php\/wp-json\/wp\/v2\/media\/68743"}],"wp:attachment":[{"href":"https:\/\/www.todoeldia.com\/index.php\/wp-json\/wp\/v2\/media?parent=68740"}],"wp:term":[{"taxonomy":"category","embeddable":true,"href":"https:\/\/www.todoeldia.com\/index.php\/wp-json\/wp\/v2\/categories?post=68740"},{"taxonomy":"post_tag","embeddable":true,"href":"https:\/\/www.todoeldia.com\/index.php\/wp-json\/wp\/v2\/tags?post=68740"}],"curies":[{"name":"wp","href":"https:\/\/api.w.org\/{rel}","templated":true}]}}