{"id":68745,"date":"2023-11-28T21:16:34","date_gmt":"2023-11-29T00:16:34","guid":{"rendered":"https:\/\/www.todoeldia.com\/?p=68745"},"modified":"2023-11-28T21:16:37","modified_gmt":"2023-11-29T00:16:37","slug":"en-la-municipalidad-de-salta-se-robaron-hasta-una-computadora","status":"publish","type":"post","link":"https:\/\/www.todoeldia.com\/index.php\/2023\/11\/28\/en-la-municipalidad-de-salta-se-robaron-hasta-una-computadora\/","title":{"rendered":"En la Municipalidad de Salta se robaron hasta una computadora"},"content":{"rendered":"\n<p>La Fiscal\u00eda Penal 5 investiga las circunstancias de un robo que se habr\u00eda producido en el Centro C\u00edvico Municipal (CCM), ubicado en Avenida Paraguay&nbsp; el cual habr\u00eda tenido lugar durante la madrugada del pasado lunes 27. La investigaci\u00f3n que dirige la fiscal\u00eda, est\u00e1 a cargo del Grupo Investigativo Sector 4A.<\/p>\n\n\n\n<p>Los hechos seg\u00fan consta en la denuncia, se habr\u00edan desarrollado cuando tras forzar el port\u00f3n de acceso a las instalaciones del municipio capitalino y ocasionar da\u00f1os a un vidrio, habr\u00edan sustra\u00eddo una computadora, entre otros objetos.<\/p>\n\n\n\n<p>Desde la Fiscal\u00eda se dispusieron las primeras medidas consistentes en el an\u00e1lisis de grabaciones de c\u00e1maras tanto del edificio municipal como de las c\u00e1maras p\u00fablicas en la zona. Asimismo, se solicit\u00f3 la presencia de personal de Criminal\u00edstica para llevar a cabo la recolecci\u00f3n de rastros dactilosc\u00f3picos y huellas de calzado en el lugar, con el objetivo de identificar a los presuntos responsables.<\/p>\n\n\n\n<p>Se aguarda el resultado de las pericias y el an\u00e1lisis de las im\u00e1genes registradas, que conduzcan a dar con los responsables y esclarecer las circunstancias del hecho.<\/p>\n\n\n\n<p>Si llaman a los de CSI en minutos capturan a los ladrones.<\/p>\n","protected":false},"excerpt":{"rendered":"<p>La Fiscal\u00eda Penal 5 investiga las circunstancias de un robo que se habr\u00eda producido en el Centro C\u00edvico Municipal (CCM), ubicado en Avenida Paraguay&nbsp; el cual habr\u00eda tenido lugar durante la madrugada del pasado lunes 27. La investigaci\u00f3n que dirige la fiscal\u00eda, est\u00e1 a cargo del Grupo Investigativo Sector 4A. Los hechos seg\u00fan consta en [&hellip;]<\/p>\n","protected":false},"author":2,"featured_media":21586,"comment_status":"open","ping_status":"open","sticky":false,"template":"","format":"standard","meta":{"tdm_status":"","tdm_grid_status":"","_joinchat":[],"footnotes":""},"categories":[63],"tags":[],"class_list":{"0":"post-68745","1":"post","2":"type-post","3":"status-publish","4":"format-standard","5":"has-post-thumbnail","7":"category-policiales"},"amp_enabled":true,"_links":{"self":[{"href":"https:\/\/www.todoeldia.com\/index.php\/wp-json\/wp\/v2\/posts\/68745","targetHints":{"allow":["GET"]}}],"collection":[{"href":"https:\/\/www.todoeldia.com\/index.php\/wp-json\/wp\/v2\/posts"}],"about":[{"href":"https:\/\/www.todoeldia.com\/index.php\/wp-json\/wp\/v2\/types\/post"}],"author":[{"embeddable":true,"href":"https:\/\/www.todoeldia.com\/index.php\/wp-json\/wp\/v2\/users\/2"}],"replies":[{"embeddable":true,"href":"https:\/\/www.todoeldia.com\/index.php\/wp-json\/wp\/v2\/comments?post=68745"}],"version-history":[{"count":1,"href":"https:\/\/www.todoeldia.com\/index.php\/wp-json\/wp\/v2\/posts\/68745\/revisions"}],"predecessor-version":[{"id":68746,"href":"https:\/\/www.todoeldia.com\/index.php\/wp-json\/wp\/v2\/posts\/68745\/revisions\/68746"}],"wp:featuredmedia":[{"embeddable":true,"href":"https:\/\/www.todoeldia.com\/index.php\/wp-json\/wp\/v2\/media\/21586"}],"wp:attachment":[{"href":"https:\/\/www.todoeldia.com\/index.php\/wp-json\/wp\/v2\/media?parent=68745"}],"wp:term":[{"taxonomy":"category","embeddable":true,"href":"https:\/\/www.todoeldia.com\/index.php\/wp-json\/wp\/v2\/categories?post=68745"},{"taxonomy":"post_tag","embeddable":true,"href":"https:\/\/www.todoeldia.com\/index.php\/wp-json\/wp\/v2\/tags?post=68745"}],"curies":[{"name":"wp","href":"https:\/\/api.w.org\/{rel}","templated":true}]}}