{"id":68756,"date":"2023-11-29T09:44:42","date_gmt":"2023-11-29T12:44:42","guid":{"rendered":"https:\/\/www.todoeldia.com\/?p=68756"},"modified":"2023-11-29T09:44:45","modified_gmt":"2023-11-29T12:44:45","slug":"aguinaldo-javier-milei-les-respondio-a-los-gobernadores-y-pidio-que-se-hagan-cargo","status":"publish","type":"post","link":"https:\/\/www.todoeldia.com\/index.php\/2023\/11\/29\/aguinaldo-javier-milei-les-respondio-a-los-gobernadores-y-pidio-que-se-hagan-cargo\/","title":{"rendered":"Aguinaldo: Javier Milei les respondi\u00f3 a los gobernadores y pidi\u00f3 que se hagan cargo"},"content":{"rendered":"\n<p>El presidente electo sostuvo que \u201cel equilibrio fiscal no se negocia\u201d y apunt\u00f3 contra la actual gesti\u00f3n de Alberto Fern\u00e1ndez: \u201cQu\u00e9 culpa tengo yo del desmadre de la administraci\u00f3n anterior\u201d, afirm\u00f3.<\/p>\n\n\n\n<p>El presidente electo, Javier Milei, le respondi\u00f3 hoy a los gobernadores e intendentes que alertaron sobre la posibilidad de no pagar sueldos y el medio aguinaldo a los empleados p\u00fablicos en el mes de diciembre. En diversas entrevistas que brind\u00f3 al regresar de su gira por Estados Unidos, responsabiliz\u00f3 a la gesti\u00f3n de Alberto Fern\u00e1ndez, se\u00f1al\u00f3 que \u201cel equilibrio fiscal no se negocia\u201d y advirti\u00f3: \u201cCorten otros gastos y paguen\u201d.<\/p>\n\n\n\n<p>Ayer, el gobernador electo de Entre R\u00edos, Rogelio Frigerio, se refiri\u00f3 a los inconvenientes econ\u00f3micos que enfrentar\u00e1 al asumir como mandatario provincial y sostuvo que el gobierno provincial tendr\u00e1 inconvenientes para afrontar el pago de salarios y el medio aguinaldo.<\/p>\n\n\n\n<p>\u201cEstamos todas las provincias muy parecidas. Ac\u00e1 hay un problema importante que surge con la decisi\u00f3n del oficialismo en la campa\u00f1a, de hacer pol\u00edtica con recursos provinciales. Hago referencia a la baja de impuestos que afectaron a la coparticipaci\u00f3n de impuestos. Eso implica que nos falta pr\u00e1cticamente una masa salarial y eso complica el pago de sueldos y aguinaldos. Estamos muy preocupados por esta situaci\u00f3n\u201d, manifest\u00f3 Frigerio en di\u00e1logo con Radio Mitre.<\/p>\n\n\n\n<p>Ante esta situaci\u00f3n, Milei replic\u00f3: \u201c\u00bfAcaso no somos un pa\u00eds federal? \u00bfLas finanzas de las provincias no son responsabilidad de las provincias? Qu\u00e9 culpa tengo yo del desmadre de la administraci\u00f3n anterior y de lo que han hecho los gobernadores. No es culpa m\u00eda. Emitir dinero es irse de ca\u00f1o. Es lo mismo. Es crear un impuesto no legislado, lo cual es una aberraci\u00f3n con una distribuci\u00f3n del ingreso que golpea con m\u00e1s violencia a los que menos tienen. Ser\u00e1 momento de sincerar las cosas y decirlas c\u00f3mo son\u201d.<\/p>\n","protected":false},"excerpt":{"rendered":"<p>El presidente electo sostuvo que \u201cel equilibrio fiscal no se negocia\u201d y apunt\u00f3 contra la actual gesti\u00f3n de Alberto Fern\u00e1ndez: \u201cQu\u00e9 culpa tengo yo del desmadre de la administraci\u00f3n anterior\u201d, afirm\u00f3. El presidente electo, Javier Milei, le respondi\u00f3 hoy a los gobernadores e intendentes que alertaron sobre la posibilidad de no pagar sueldos y el [&hellip;]<\/p>\n","protected":false},"author":2,"featured_media":68757,"comment_status":"open","ping_status":"open","sticky":false,"template":"","format":"standard","meta":{"tdm_status":"","tdm_grid_status":"","_joinchat":[],"footnotes":""},"categories":[60],"tags":[],"class_list":{"0":"post-68756","1":"post","2":"type-post","3":"status-publish","4":"format-standard","5":"has-post-thumbnail","7":"category-economia"},"amp_enabled":true,"_links":{"self":[{"href":"https:\/\/www.todoeldia.com\/index.php\/wp-json\/wp\/v2\/posts\/68756","targetHints":{"allow":["GET"]}}],"collection":[{"href":"https:\/\/www.todoeldia.com\/index.php\/wp-json\/wp\/v2\/posts"}],"about":[{"href":"https:\/\/www.todoeldia.com\/index.php\/wp-json\/wp\/v2\/types\/post"}],"author":[{"embeddable":true,"href":"https:\/\/www.todoeldia.com\/index.php\/wp-json\/wp\/v2\/users\/2"}],"replies":[{"embeddable":true,"href":"https:\/\/www.todoeldia.com\/index.php\/wp-json\/wp\/v2\/comments?post=68756"}],"version-history":[{"count":1,"href":"https:\/\/www.todoeldia.com\/index.php\/wp-json\/wp\/v2\/posts\/68756\/revisions"}],"predecessor-version":[{"id":68758,"href":"https:\/\/www.todoeldia.com\/index.php\/wp-json\/wp\/v2\/posts\/68756\/revisions\/68758"}],"wp:featuredmedia":[{"embeddable":true,"href":"https:\/\/www.todoeldia.com\/index.php\/wp-json\/wp\/v2\/media\/68757"}],"wp:attachment":[{"href":"https:\/\/www.todoeldia.com\/index.php\/wp-json\/wp\/v2\/media?parent=68756"}],"wp:term":[{"taxonomy":"category","embeddable":true,"href":"https:\/\/www.todoeldia.com\/index.php\/wp-json\/wp\/v2\/categories?post=68756"},{"taxonomy":"post_tag","embeddable":true,"href":"https:\/\/www.todoeldia.com\/index.php\/wp-json\/wp\/v2\/tags?post=68756"}],"curies":[{"name":"wp","href":"https:\/\/api.w.org\/{rel}","templated":true}]}}