{"id":68759,"date":"2023-11-29T09:50:35","date_gmt":"2023-11-29T12:50:35","guid":{"rendered":"https:\/\/www.todoeldia.com\/?p=68759"},"modified":"2023-11-29T09:50:38","modified_gmt":"2023-11-29T12:50:38","slug":"gerardo-werthein-sera-embajador-en-los-eeuu-y-daniel-pichichi-scioli-continuara-en-brasil","status":"publish","type":"post","link":"https:\/\/www.todoeldia.com\/index.php\/2023\/11\/29\/gerardo-werthein-sera-embajador-en-los-eeuu-y-daniel-pichichi-scioli-continuara-en-brasil\/","title":{"rendered":"Gerardo Werthein ser\u00e1 embajador en los EEUU y Daniel \u201cPichichi\u201d Scioli continuar\u00e1 en Brasil"},"content":{"rendered":"\n<p>El presidente electo, Javier Milei, anunci\u00f3 que el ex titular del Comit\u00e9 Ol\u00edmpico Argentino se har\u00e1 cargo del v\u00ednculo con el gobierno de Joe Biden. El ex gobernador bonaerense ser\u00e1 el nexo con Lula.<\/p>\n\n\n\n<p>El presidente electo, Javier Milei, confirm\u00f3 hoy a Gerardo Werthein como embajador en los Estados Unidos. Adem\u00e1s, ratific\u00f3 a Daniel Scioli como representante del pa\u00eds en Brasil, como sucedi\u00f3 durante el gobierno de Alberto Fern\u00e1ndez.<\/p>\n\n\n\n<p>El dirigente de La Libertad Avanza (LLA) anunci\u00f3 las designaciones en declaraciones a radio La Red luego de su viaje a Estados Unidos, donde se reuni\u00f3 con autoridades del gobierno de Joe Biden y del Fondo Monetario Internacional (FMI).<\/p>\n","protected":false},"excerpt":{"rendered":"<p>El presidente electo, Javier Milei, anunci\u00f3 que el ex titular del Comit\u00e9 Ol\u00edmpico Argentino se har\u00e1 cargo del v\u00ednculo con el gobierno de Joe Biden. El ex gobernador bonaerense ser\u00e1 el nexo con Lula. El presidente electo, Javier Milei, confirm\u00f3 hoy a Gerardo Werthein como embajador en los Estados Unidos. Adem\u00e1s, ratific\u00f3 a Daniel Scioli [&hellip;]<\/p>\n","protected":false},"author":2,"featured_media":68760,"comment_status":"open","ping_status":"open","sticky":false,"template":"","format":"standard","meta":{"tdm_status":"","tdm_grid_status":"","_joinchat":[],"footnotes":""},"categories":[59],"tags":[],"class_list":{"0":"post-68759","1":"post","2":"type-post","3":"status-publish","4":"format-standard","5":"has-post-thumbnail","7":"category-politica"},"amp_enabled":true,"_links":{"self":[{"href":"https:\/\/www.todoeldia.com\/index.php\/wp-json\/wp\/v2\/posts\/68759","targetHints":{"allow":["GET"]}}],"collection":[{"href":"https:\/\/www.todoeldia.com\/index.php\/wp-json\/wp\/v2\/posts"}],"about":[{"href":"https:\/\/www.todoeldia.com\/index.php\/wp-json\/wp\/v2\/types\/post"}],"author":[{"embeddable":true,"href":"https:\/\/www.todoeldia.com\/index.php\/wp-json\/wp\/v2\/users\/2"}],"replies":[{"embeddable":true,"href":"https:\/\/www.todoeldia.com\/index.php\/wp-json\/wp\/v2\/comments?post=68759"}],"version-history":[{"count":1,"href":"https:\/\/www.todoeldia.com\/index.php\/wp-json\/wp\/v2\/posts\/68759\/revisions"}],"predecessor-version":[{"id":68761,"href":"https:\/\/www.todoeldia.com\/index.php\/wp-json\/wp\/v2\/posts\/68759\/revisions\/68761"}],"wp:featuredmedia":[{"embeddable":true,"href":"https:\/\/www.todoeldia.com\/index.php\/wp-json\/wp\/v2\/media\/68760"}],"wp:attachment":[{"href":"https:\/\/www.todoeldia.com\/index.php\/wp-json\/wp\/v2\/media?parent=68759"}],"wp:term":[{"taxonomy":"category","embeddable":true,"href":"https:\/\/www.todoeldia.com\/index.php\/wp-json\/wp\/v2\/categories?post=68759"},{"taxonomy":"post_tag","embeddable":true,"href":"https:\/\/www.todoeldia.com\/index.php\/wp-json\/wp\/v2\/tags?post=68759"}],"curies":[{"name":"wp","href":"https:\/\/api.w.org\/{rel}","templated":true}]}}