{"id":68765,"date":"2023-11-29T10:28:49","date_gmt":"2023-11-29T13:28:49","guid":{"rendered":"https:\/\/www.todoeldia.com\/?p=68765"},"modified":"2023-11-29T10:28:58","modified_gmt":"2023-11-29T13:28:58","slug":"4-anos-de-prision-por-asesinar-a-su-hermano-con-exceso-de-legitima-defensa-en-barrio-palermo","status":"publish","type":"post","link":"https:\/\/www.todoeldia.com\/index.php\/2023\/11\/29\/4-anos-de-prision-por-asesinar-a-su-hermano-con-exceso-de-legitima-defensa-en-barrio-palermo\/","title":{"rendered":"4 a\u00f1os de prision por asesinar a su hermano con exceso de leg\u00edtima defensa en Barrio Palermo"},"content":{"rendered":"\n<p>Un hombre de 24 a\u00f1os lleg\u00f3 a juicio acusado de un hecho ocurrido durante la madrugada del 4 de noviembre de 2022, cuando junto a un hermano declarado inimputable, hirieron mortalmente a otro hermano de 19 a\u00f1os.<\/p>\n\n\n\n<p>El fiscal penal 2 de la Unidad de Graves Atentados contra las Personas, Gabriel Gonz\u00e1lez, represent\u00f3 al Ministerio P\u00fablico Fiscal ante la Sala II del Tribunal de Juicio del distrito Centro, en la audiencia de juicio abreviado contra Leonardo Esteban David Zamora de 24 a\u00f1os como del delito de homicidio simple en perjuicio de su hermano de 19 a\u00f1os.<\/p>\n\n\n\n<p>El hecho ocurri\u00f3 durante la madrugada del 4 de noviembre de 2022 en barrio Palermo II, zona Oeste de la ciudad de Salta cuando la v\u00edctima mantuvo una pelea con dos hermanos y fue herido en la zona tor\u00e1cica. Posteriormente falleci\u00f3 debido a un fallo multiorg\u00e1nico por shock hipovol\u00e9mico secundario a lesi\u00f3n card\u00edaca y pulmonar provocadas por un arma blanca.<\/p>\n\n\n\n<p>El juez Amadeo Longarte, luego de recibir la confesi\u00f3n del acusado y con el acuerdo de las partes, le impuso una pena de 4 a\u00f1os de prisi\u00f3n de ejecuci\u00f3n efectiva como autor del delito de homicidio simple con exceso en la leg\u00edtima defensa.<\/p>\n","protected":false},"excerpt":{"rendered":"<p>Un hombre de 24 a\u00f1os lleg\u00f3 a juicio acusado de un hecho ocurrido durante la madrugada del 4 de noviembre de 2022, cuando junto a un hermano declarado inimputable, hirieron mortalmente a otro hermano de 19 a\u00f1os. El fiscal penal 2 de la Unidad de Graves Atentados contra las Personas, Gabriel Gonz\u00e1lez, represent\u00f3 al Ministerio [&hellip;]<\/p>\n","protected":false},"author":2,"featured_media":35303,"comment_status":"open","ping_status":"open","sticky":false,"template":"","format":"standard","meta":{"tdm_status":"","tdm_grid_status":"","_joinchat":[],"footnotes":""},"categories":[63],"tags":[],"class_list":{"0":"post-68765","1":"post","2":"type-post","3":"status-publish","4":"format-standard","5":"has-post-thumbnail","7":"category-policiales"},"amp_enabled":true,"_links":{"self":[{"href":"https:\/\/www.todoeldia.com\/index.php\/wp-json\/wp\/v2\/posts\/68765","targetHints":{"allow":["GET"]}}],"collection":[{"href":"https:\/\/www.todoeldia.com\/index.php\/wp-json\/wp\/v2\/posts"}],"about":[{"href":"https:\/\/www.todoeldia.com\/index.php\/wp-json\/wp\/v2\/types\/post"}],"author":[{"embeddable":true,"href":"https:\/\/www.todoeldia.com\/index.php\/wp-json\/wp\/v2\/users\/2"}],"replies":[{"embeddable":true,"href":"https:\/\/www.todoeldia.com\/index.php\/wp-json\/wp\/v2\/comments?post=68765"}],"version-history":[{"count":1,"href":"https:\/\/www.todoeldia.com\/index.php\/wp-json\/wp\/v2\/posts\/68765\/revisions"}],"predecessor-version":[{"id":68766,"href":"https:\/\/www.todoeldia.com\/index.php\/wp-json\/wp\/v2\/posts\/68765\/revisions\/68766"}],"wp:featuredmedia":[{"embeddable":true,"href":"https:\/\/www.todoeldia.com\/index.php\/wp-json\/wp\/v2\/media\/35303"}],"wp:attachment":[{"href":"https:\/\/www.todoeldia.com\/index.php\/wp-json\/wp\/v2\/media?parent=68765"}],"wp:term":[{"taxonomy":"category","embeddable":true,"href":"https:\/\/www.todoeldia.com\/index.php\/wp-json\/wp\/v2\/categories?post=68765"},{"taxonomy":"post_tag","embeddable":true,"href":"https:\/\/www.todoeldia.com\/index.php\/wp-json\/wp\/v2\/tags?post=68765"}],"curies":[{"name":"wp","href":"https:\/\/api.w.org\/{rel}","templated":true}]}}