{"id":68773,"date":"2023-11-29T10:50:29","date_gmt":"2023-11-29T13:50:29","guid":{"rendered":"https:\/\/www.todoeldia.com\/?p=68773"},"modified":"2023-11-29T10:54:42","modified_gmt":"2023-11-29T13:54:42","slug":"una-victima-de-trata-laboral-en-apolinario-saravia-recibio-una-reparacion-integral-de-mas-de-3-millones","status":"publish","type":"post","link":"https:\/\/www.todoeldia.com\/index.php\/2023\/11\/29\/una-victima-de-trata-laboral-en-apolinario-saravia-recibio-una-reparacion-integral-de-mas-de-3-millones\/","title":{"rendered":"Una v\u00edctima de trata laboral en Apolinario Saravia recibi\u00f3 una reparaci\u00f3n integral de m\u00e1s de $ 3 millones"},"content":{"rendered":"\n<p>El MPF decidi\u00f3 a cambio prescindir de la acci\u00f3n penal, de acuerdo a lo establecido en el C\u00f3digo Procesal Penal Federal. La v\u00edctima es un trabajador de una curtiembre, que recib\u00eda un bajo salario -con descuento de alimentos que le deb\u00eda comprar a su empleador- por largas jornadas de trabajo sin los recaudos de bioseguridad m\u00ednimos. El hombre viv\u00eda en condiciones precarias junto a su familia en el mismo lugar de trabajo.<\/p>\n\n\n\n<figure class=\"wp-block-image size-full\"><img loading=\"lazy\" decoding=\"async\" width=\"921\" height=\"614\" src=\"https:\/\/www.todoeldia.com\/wp-content\/uploads\/2023\/11\/image-170.png\" alt=\"\" class=\"wp-image-68775\" srcset=\"https:\/\/www.todoeldia.com\/wp-content\/uploads\/2023\/11\/image-170.png 921w, https:\/\/www.todoeldia.com\/wp-content\/uploads\/2023\/11\/image-170-300x200.png 300w, https:\/\/www.todoeldia.com\/wp-content\/uploads\/2023\/11\/image-170-768x512.png 768w, https:\/\/www.todoeldia.com\/wp-content\/uploads\/2023\/11\/image-170-696x464.png 696w, https:\/\/www.todoeldia.com\/wp-content\/uploads\/2023\/11\/image-170-630x420.png 630w\" sizes=\"auto, (max-width: 921px) 100vw, 921px\" \/><\/figure>\n\n\n\n<p>El juez federal de Garant\u00edas N\u00b01 de Salta, Julio Bavio, hizo lugar al pago por parte de dos imputados de trata laboral de una suma de 3.360.000 pesos en favor de un trabajador rural, en el marco de un acuerdo de conciliaci\u00f3n en el que la Unidad Fiscal Salta prescindi\u00f3 del ejercicio de la acci\u00f3n penal.<\/p>\n\n\n\n<figure class=\"wp-block-image size-full\"><img loading=\"lazy\" decoding=\"async\" width=\"921\" height=\"615\" src=\"https:\/\/www.todoeldia.com\/wp-content\/uploads\/2023\/11\/image-171.png\" alt=\"\" class=\"wp-image-68776\" srcset=\"https:\/\/www.todoeldia.com\/wp-content\/uploads\/2023\/11\/image-171.png 921w, https:\/\/www.todoeldia.com\/wp-content\/uploads\/2023\/11\/image-171-300x200.png 300w, https:\/\/www.todoeldia.com\/wp-content\/uploads\/2023\/11\/image-171-768x513.png 768w, https:\/\/www.todoeldia.com\/wp-content\/uploads\/2023\/11\/image-171-696x465.png 696w, https:\/\/www.todoeldia.com\/wp-content\/uploads\/2023\/11\/image-171-629x420.png 629w\" sizes=\"auto, (max-width: 921px) 100vw, 921px\" \/><\/figure>\n\n\n\n<p>La reparaci\u00f3n integral fue cancelada el 14 de noviembre pasado y constituy\u00f3 el final de un trabajo mancomunado entre el fiscal general Eduardo Villalba, la defensa de los imputados, la Defensor\u00eda P\u00fablica de V\u00edctimas, a cargo de Nicol\u00e1s Escandar, y otros organismos estatales, como los ministerios de Trabajo nacional y provincial.<\/p>\n\n\n\n<figure class=\"wp-block-image size-full\"><img loading=\"lazy\" decoding=\"async\" width=\"921\" height=\"614\" src=\"https:\/\/www.todoeldia.com\/wp-content\/uploads\/2023\/11\/image-172.png\" alt=\"\" class=\"wp-image-68777\" srcset=\"https:\/\/www.todoeldia.com\/wp-content\/uploads\/2023\/11\/image-172.png 921w, https:\/\/www.todoeldia.com\/wp-content\/uploads\/2023\/11\/image-172-300x200.png 300w, https:\/\/www.todoeldia.com\/wp-content\/uploads\/2023\/11\/image-172-768x512.png 768w, https:\/\/www.todoeldia.com\/wp-content\/uploads\/2023\/11\/image-172-696x464.png 696w, https:\/\/www.todoeldia.com\/wp-content\/uploads\/2023\/11\/image-172-630x420.png 630w\" sizes=\"auto, (max-width: 921px) 100vw, 921px\" \/><\/figure>\n\n\n\n<p>El acuerdo conciliatorio fue homologado el 9 de noviembre. Tuvo su origen en una investigaci\u00f3n formalizada por la fiscal\u00eda el 17 de marzo pasado contra el propietario de una finca -dedicada la curtiembre- ubicada en la localidad de Apolinario Saravia, en el sur provincial, y su hijo.<\/p>\n\n\n\n<figure class=\"wp-block-image size-full\"><img loading=\"lazy\" decoding=\"async\" width=\"921\" height=\"615\" src=\"https:\/\/www.todoeldia.com\/wp-content\/uploads\/2023\/11\/image-173.png\" alt=\"\" class=\"wp-image-68778\" srcset=\"https:\/\/www.todoeldia.com\/wp-content\/uploads\/2023\/11\/image-173.png 921w, https:\/\/www.todoeldia.com\/wp-content\/uploads\/2023\/11\/image-173-300x200.png 300w, https:\/\/www.todoeldia.com\/wp-content\/uploads\/2023\/11\/image-173-768x513.png 768w, https:\/\/www.todoeldia.com\/wp-content\/uploads\/2023\/11\/image-173-696x465.png 696w, https:\/\/www.todoeldia.com\/wp-content\/uploads\/2023\/11\/image-173-629x420.png 629w\" sizes=\"auto, (max-width: 921px) 100vw, 921px\" \/><\/figure>\n\n\n\n<p>El fiscal inform\u00f3 que las actuaciones se iniciaron por un llamado recibido el 24 de febrero pasado en el n\u00famero gratuito 0800 999 3368, implementado por la Administraci\u00f3n Federal de Ingresos P\u00fablicos (AFIP) para denunciar trabajo no formal, explotaci\u00f3n infantil y servidumbre.<\/p>\n\n\n\n<figure class=\"wp-block-image size-full\"><img loading=\"lazy\" decoding=\"async\" width=\"921\" height=\"614\" src=\"https:\/\/www.todoeldia.com\/wp-content\/uploads\/2023\/11\/image-174.png\" alt=\"\" class=\"wp-image-68779\" srcset=\"https:\/\/www.todoeldia.com\/wp-content\/uploads\/2023\/11\/image-174.png 921w, https:\/\/www.todoeldia.com\/wp-content\/uploads\/2023\/11\/image-174-300x200.png 300w, https:\/\/www.todoeldia.com\/wp-content\/uploads\/2023\/11\/image-174-768x512.png 768w, https:\/\/www.todoeldia.com\/wp-content\/uploads\/2023\/11\/image-174-696x464.png 696w, https:\/\/www.todoeldia.com\/wp-content\/uploads\/2023\/11\/image-174-630x420.png 630w\" sizes=\"auto, (max-width: 921px) 100vw, 921px\" \/><\/figure>\n\n\n\n<p>A ra\u00edz de ello y como resultado de una inspecci\u00f3n y un allanamiento realizados a los pocos d\u00edas en la finca del acusado, en Apolinario Saravia, se pudo establecer que la v\u00edctima era un trabajador de curtiembre, que hab\u00eda sido contratado por el imputado el 25 de junio del a\u00f1o pasado.<\/p>\n\n\n\n<p>El empleado, que no estaba formalmente contratado, inform\u00f3 que a su ingreso hab\u00eda acordado una remuneraci\u00f3n de 50 mil pesos mensuales y que se le brindar\u00eda una vivienda para su alojamiento y el de su familia, que est\u00e1 compuesta por su pareja y dos hijos menores de edad. El fiscal expuso en la audiencia de imputaci\u00f3n inicial que \u201cal llegar a la finca, sin embargo, se dio con un lugar abandonado, sin cocina ni ba\u00f1o, en condiciones muy precarias\u201d.<\/p>\n\n\n\n<figure class=\"wp-block-image size-full\"><img loading=\"lazy\" decoding=\"async\" width=\"921\" height=\"614\" src=\"https:\/\/www.todoeldia.com\/wp-content\/uploads\/2023\/11\/image-175.png\" alt=\"\" class=\"wp-image-68780\" srcset=\"https:\/\/www.todoeldia.com\/wp-content\/uploads\/2023\/11\/image-175.png 921w, https:\/\/www.todoeldia.com\/wp-content\/uploads\/2023\/11\/image-175-300x200.png 300w, https:\/\/www.todoeldia.com\/wp-content\/uploads\/2023\/11\/image-175-768x512.png 768w, https:\/\/www.todoeldia.com\/wp-content\/uploads\/2023\/11\/image-175-696x464.png 696w, https:\/\/www.todoeldia.com\/wp-content\/uploads\/2023\/11\/image-175-630x420.png 630w\" sizes=\"auto, (max-width: 921px) 100vw, 921px\" \/><\/figure>\n\n\n\n<p>La v\u00edctima se\u00f1al\u00f3 que nunca lleg\u00f3 a cobrar en su totalidad la suma pactada en concepto de sueldo, debido a descuentos que le eran aplicados por la provisi\u00f3n de mercader\u00eda en un local comercial propiedad del acusado.<\/p>\n\n\n\n<p>\u201cSe constataron condiciones perversas incompatibles con la dignidad humana; el lugar no ten\u00eda ni siquiera las comodidades m\u00ednimas para la vida. Los ni\u00f1os ten\u00edan erupciones en la piel, propias de la situaci\u00f3n de insalubridad en la que viv\u00edan\u201d, indic\u00f3 el fiscal.<\/p>\n\n\n\n<figure class=\"wp-block-image size-full\"><img loading=\"lazy\" decoding=\"async\" width=\"921\" height=\"614\" src=\"https:\/\/www.todoeldia.com\/wp-content\/uploads\/2023\/11\/image-176.png\" alt=\"\" class=\"wp-image-68781\" srcset=\"https:\/\/www.todoeldia.com\/wp-content\/uploads\/2023\/11\/image-176.png 921w, https:\/\/www.todoeldia.com\/wp-content\/uploads\/2023\/11\/image-176-300x200.png 300w, https:\/\/www.todoeldia.com\/wp-content\/uploads\/2023\/11\/image-176-768x512.png 768w, https:\/\/www.todoeldia.com\/wp-content\/uploads\/2023\/11\/image-176-696x464.png 696w, https:\/\/www.todoeldia.com\/wp-content\/uploads\/2023\/11\/image-176-630x420.png 630w\" sizes=\"auto, (max-width: 921px) 100vw, 921px\" \/><\/figure>\n\n\n\n<p>En la investigaci\u00f3n se estableci\u00f3 que el \u00faltimo pago recibido por el trabajador hab\u00eda sido de 15 mil pesos en diciembre de 2022. En vista de ello, la fiscal\u00eda imput\u00f3 a padre e hijo el delito de trata de personas con fines de explotaci\u00f3n laboral, agravado por el enga\u00f1o y la consumaci\u00f3n del hecho.<\/p>\n","protected":false},"excerpt":{"rendered":"<p>El MPF decidi\u00f3 a cambio prescindir de la acci\u00f3n penal, de acuerdo a lo establecido en el C\u00f3digo Procesal Penal Federal. La v\u00edctima es un trabajador de una curtiembre, que recib\u00eda un bajo salario -con descuento de alimentos que le deb\u00eda comprar a su empleador- por largas jornadas de trabajo sin los recaudos de bioseguridad [&hellip;]<\/p>\n","protected":false},"author":2,"featured_media":68774,"comment_status":"open","ping_status":"open","sticky":false,"template":"","format":"standard","meta":{"tdm_status":"","tdm_grid_status":"","_joinchat":[],"footnotes":""},"categories":[63],"tags":[],"class_list":{"0":"post-68773","1":"post","2":"type-post","3":"status-publish","4":"format-standard","5":"has-post-thumbnail","7":"category-policiales"},"amp_enabled":true,"_links":{"self":[{"href":"https:\/\/www.todoeldia.com\/index.php\/wp-json\/wp\/v2\/posts\/68773","targetHints":{"allow":["GET"]}}],"collection":[{"href":"https:\/\/www.todoeldia.com\/index.php\/wp-json\/wp\/v2\/posts"}],"about":[{"href":"https:\/\/www.todoeldia.com\/index.php\/wp-json\/wp\/v2\/types\/post"}],"author":[{"embeddable":true,"href":"https:\/\/www.todoeldia.com\/index.php\/wp-json\/wp\/v2\/users\/2"}],"replies":[{"embeddable":true,"href":"https:\/\/www.todoeldia.com\/index.php\/wp-json\/wp\/v2\/comments?post=68773"}],"version-history":[{"count":2,"href":"https:\/\/www.todoeldia.com\/index.php\/wp-json\/wp\/v2\/posts\/68773\/revisions"}],"predecessor-version":[{"id":68784,"href":"https:\/\/www.todoeldia.com\/index.php\/wp-json\/wp\/v2\/posts\/68773\/revisions\/68784"}],"wp:featuredmedia":[{"embeddable":true,"href":"https:\/\/www.todoeldia.com\/index.php\/wp-json\/wp\/v2\/media\/68774"}],"wp:attachment":[{"href":"https:\/\/www.todoeldia.com\/index.php\/wp-json\/wp\/v2\/media?parent=68773"}],"wp:term":[{"taxonomy":"category","embeddable":true,"href":"https:\/\/www.todoeldia.com\/index.php\/wp-json\/wp\/v2\/categories?post=68773"},{"taxonomy":"post_tag","embeddable":true,"href":"https:\/\/www.todoeldia.com\/index.php\/wp-json\/wp\/v2\/tags?post=68773"}],"curies":[{"name":"wp","href":"https:\/\/api.w.org\/{rel}","templated":true}]}}