{"id":68785,"date":"2023-11-29T10:57:27","date_gmt":"2023-11-29T13:57:27","guid":{"rendered":"https:\/\/www.todoeldia.com\/?p=68785"},"modified":"2023-11-29T10:57:52","modified_gmt":"2023-11-29T13:57:52","slug":"trabajadores-relataron-que-marcos-levin-y-su-jefe-de-personal-grueso-estaban-en-la-comisaria-mientras-eran-torturados","status":"publish","type":"post","link":"https:\/\/www.todoeldia.com\/index.php\/2023\/11\/29\/trabajadores-relataron-que-marcos-levin-y-su-jefe-de-personal-grueso-estaban-en-la-comisaria-mientras-eran-torturados\/","title":{"rendered":"Trabajadores relataron que Marcos Lev\u00edn y su jefe de personal, Grueso, estaban en la comisar\u00eda mientras eran torturados"},"content":{"rendered":"\n<p>Se trata de Marcos Lev\u00edn, ex due\u00f1o de La Veloz del Norte, condenado a principios de noviembre a 18 a\u00f1os de prisi\u00f3n por delitos de lesa humanidad.<\/p>\n\n\n\n<p>La C\u00e1mara Federal de Casaci\u00f3n confirm\u00f3 la prisi\u00f3n preventiva en su modalidad domiciliaria para el empresario Marcos Lev\u00edn, ex due\u00f1o de la empresa La Veloz del Norte, condenado por delitos de lesa humanidad cometidos durante la \u00faltima dictadura.<\/p>\n\n\n\n<p>Un tribunal oral de Salta dispuso en octubre del a\u00f1o pasado la preventiva de Lev\u00edn y otros imputados por \u201cprivaci\u00f3n ilegal de la libertad y aplicaci\u00f3n de tormentos a 17 trabajadores de La Veloz del Norte en 1977\u201d.<\/p>\n\n\n\n<p>A principios de noviembre de este a\u00f1o, el mismo tribunal conden\u00f3 a Lev\u00edn \u2013quien ya afrontaba una pena anterior a 12 a\u00f1os de c\u00e1rcel- a 18 a\u00f1os por estos nuevos hechos.<\/p>\n\n\n\n<p>Como las condenas no est\u00e1n firmes, a prisi\u00f3n contin\u00faa siendo preventiva y contra ella recurri\u00f3 la defensa del empresario y de los otros imputados: V\u00edctor Hugo Almir\u00f3n, Enrique V\u00edctor Cardozo y Jos\u00e9 Antonio Grueso.<\/p>\n\n\n\n<p>Ahora, la Casaci\u00f3n, en un fallo firmado por los jueces Javier Carbajo, Gustavo Hornos y Alejandro Slokar, ratific\u00f3 la prisi\u00f3n preventiva.<\/p>\n\n\n\n<p>Adem\u00e1s de la pena de 18 a\u00f1os para Lev\u00edn fueron condenados a 16 a\u00f1os de prisi\u00f3n el ex comisario V\u00edctor Almir\u00f3n y el ex jefe de personal de la empresa, Jos\u00e9 Antonio Grueso.<\/p>\n\n\n\n<p>Los secuestros de los 17 trabajadores se produjeron entre el 20 y el 24 de enero de 1977 \u201ca partir de una denuncia falsa por estafa presentada por Lev\u00edn contra sus empleados que fue utilizada para dar cobertura legal a la persecuci\u00f3n\u201d, inform\u00f3 la Secretar\u00eda de Derechos Humanos, querellante en el expediente.<\/p>\n\n\n\n<p>Todos fueron llevados a la Comisar\u00eda Cuarta, donde permanecieron varios d\u00edas y fueron torturados, y desde all\u00ed fueron luego liberados o en algunos casos trasladados al Penal de \u201cVilla Las Rosas\u201d.<\/p>\n\n\n\n<p>Los trabajadores relataron que Lev\u00edn y su jefe de personal, Grueso, estaban en la comisar\u00eda mientras eran torturados.<\/p>\n","protected":false},"excerpt":{"rendered":"<p>Se trata de Marcos Lev\u00edn, ex due\u00f1o de La Veloz del Norte, condenado a principios de noviembre a 18 a\u00f1os de prisi\u00f3n por delitos de lesa humanidad. La C\u00e1mara Federal de Casaci\u00f3n confirm\u00f3 la prisi\u00f3n preventiva en su modalidad domiciliaria para el empresario Marcos Lev\u00edn, ex due\u00f1o de la empresa La Veloz del Norte, condenado [&hellip;]<\/p>\n","protected":false},"author":2,"featured_media":68786,"comment_status":"open","ping_status":"open","sticky":false,"template":"","format":"standard","meta":{"tdm_status":"","tdm_grid_status":"","_joinchat":[],"footnotes":""},"categories":[63],"tags":[],"class_list":{"0":"post-68785","1":"post","2":"type-post","3":"status-publish","4":"format-standard","5":"has-post-thumbnail","7":"category-policiales"},"amp_enabled":true,"_links":{"self":[{"href":"https:\/\/www.todoeldia.com\/index.php\/wp-json\/wp\/v2\/posts\/68785","targetHints":{"allow":["GET"]}}],"collection":[{"href":"https:\/\/www.todoeldia.com\/index.php\/wp-json\/wp\/v2\/posts"}],"about":[{"href":"https:\/\/www.todoeldia.com\/index.php\/wp-json\/wp\/v2\/types\/post"}],"author":[{"embeddable":true,"href":"https:\/\/www.todoeldia.com\/index.php\/wp-json\/wp\/v2\/users\/2"}],"replies":[{"embeddable":true,"href":"https:\/\/www.todoeldia.com\/index.php\/wp-json\/wp\/v2\/comments?post=68785"}],"version-history":[{"count":1,"href":"https:\/\/www.todoeldia.com\/index.php\/wp-json\/wp\/v2\/posts\/68785\/revisions"}],"predecessor-version":[{"id":68787,"href":"https:\/\/www.todoeldia.com\/index.php\/wp-json\/wp\/v2\/posts\/68785\/revisions\/68787"}],"wp:featuredmedia":[{"embeddable":true,"href":"https:\/\/www.todoeldia.com\/index.php\/wp-json\/wp\/v2\/media\/68786"}],"wp:attachment":[{"href":"https:\/\/www.todoeldia.com\/index.php\/wp-json\/wp\/v2\/media?parent=68785"}],"wp:term":[{"taxonomy":"category","embeddable":true,"href":"https:\/\/www.todoeldia.com\/index.php\/wp-json\/wp\/v2\/categories?post=68785"},{"taxonomy":"post_tag","embeddable":true,"href":"https:\/\/www.todoeldia.com\/index.php\/wp-json\/wp\/v2\/tags?post=68785"}],"curies":[{"name":"wp","href":"https:\/\/api.w.org\/{rel}","templated":true}]}}