{"id":68791,"date":"2023-11-29T11:19:14","date_gmt":"2023-11-29T14:19:14","guid":{"rendered":"https:\/\/www.todoeldia.com\/?p=68791"},"modified":"2023-11-29T11:19:16","modified_gmt":"2023-11-29T14:19:16","slug":"milei-advirtio-que-la-inflacion-va-a-seguir-alta-por-el-descalabro-que-hizo-este-gobierno","status":"publish","type":"post","link":"https:\/\/www.todoeldia.com\/index.php\/2023\/11\/29\/milei-advirtio-que-la-inflacion-va-a-seguir-alta-por-el-descalabro-que-hizo-este-gobierno\/","title":{"rendered":"Milei advirti\u00f3 que la inflaci\u00f3n va a seguir alta por el descalabro que hizo este gobierno"},"content":{"rendered":"\n<p>El presidente electo, Javier Milei, advirti\u00f3 tras su viaje a Estados Unidos que &#8220;va a haber estanflaci\u00f3n&#8221;, es decir, una recesi\u00f3n que convivir\u00e1 con altos niveles de inflaci\u00f3n. El libertario dijo: &#8220;Cuando se haga el reordenamiento fiscal va a impactar negativamente en la actividad econ\u00f3mica, por eso yo digo que la \u00fanica billetera que est\u00e1 abierta es la del Capital Humano, para dar contenci\u00f3n a los ca\u00eddos&#8221;.<\/p>\n\n\n\n<p>Milei critic\u00f3 que la alta inflaci\u00f3n \u201ctiene que ver con lo hecho en pol\u00edtica monetaria hace 24 meses\u201d, con cuestionamientos al Gobierno, y explic\u00f3: \u201cLa pol\u00edtica monetaria act\u00faa con rezagos, entonces la inflaci\u00f3n est\u00e1 jugada\u201d.<\/p>\n\n\n\n<p>El presidente electo anticip\u00f3 que \u201cla inflaci\u00f3n va a seguir alta, porque es el resultado del descalabro que hizo este Gobierno\u201d, que una vez que asuma dispondr\u00e1 \u201ctodos los mecanismos para detener la emisi\u00f3n de dinero\u201d y que \u201cen un lapso de 18 a 24 meses\u201d terminar\u00e1 con el alza de precios, en declaraciones a radio La Red.<\/p>\n","protected":false},"excerpt":{"rendered":"<p>El presidente electo, Javier Milei, advirti\u00f3 tras su viaje a Estados Unidos que &#8220;va a haber estanflaci\u00f3n&#8221;, es decir, una recesi\u00f3n que convivir\u00e1 con altos niveles de inflaci\u00f3n. El libertario dijo: &#8220;Cuando se haga el reordenamiento fiscal va a impactar negativamente en la actividad econ\u00f3mica, por eso yo digo que la \u00fanica billetera que est\u00e1 [&hellip;]<\/p>\n","protected":false},"author":2,"featured_media":68792,"comment_status":"open","ping_status":"open","sticky":false,"template":"","format":"standard","meta":{"tdm_status":"","tdm_grid_status":"","_joinchat":[],"footnotes":""},"categories":[60],"tags":[],"class_list":{"0":"post-68791","1":"post","2":"type-post","3":"status-publish","4":"format-standard","5":"has-post-thumbnail","7":"category-economia"},"amp_enabled":true,"_links":{"self":[{"href":"https:\/\/www.todoeldia.com\/index.php\/wp-json\/wp\/v2\/posts\/68791","targetHints":{"allow":["GET"]}}],"collection":[{"href":"https:\/\/www.todoeldia.com\/index.php\/wp-json\/wp\/v2\/posts"}],"about":[{"href":"https:\/\/www.todoeldia.com\/index.php\/wp-json\/wp\/v2\/types\/post"}],"author":[{"embeddable":true,"href":"https:\/\/www.todoeldia.com\/index.php\/wp-json\/wp\/v2\/users\/2"}],"replies":[{"embeddable":true,"href":"https:\/\/www.todoeldia.com\/index.php\/wp-json\/wp\/v2\/comments?post=68791"}],"version-history":[{"count":1,"href":"https:\/\/www.todoeldia.com\/index.php\/wp-json\/wp\/v2\/posts\/68791\/revisions"}],"predecessor-version":[{"id":68793,"href":"https:\/\/www.todoeldia.com\/index.php\/wp-json\/wp\/v2\/posts\/68791\/revisions\/68793"}],"wp:featuredmedia":[{"embeddable":true,"href":"https:\/\/www.todoeldia.com\/index.php\/wp-json\/wp\/v2\/media\/68792"}],"wp:attachment":[{"href":"https:\/\/www.todoeldia.com\/index.php\/wp-json\/wp\/v2\/media?parent=68791"}],"wp:term":[{"taxonomy":"category","embeddable":true,"href":"https:\/\/www.todoeldia.com\/index.php\/wp-json\/wp\/v2\/categories?post=68791"},{"taxonomy":"post_tag","embeddable":true,"href":"https:\/\/www.todoeldia.com\/index.php\/wp-json\/wp\/v2\/tags?post=68791"}],"curies":[{"name":"wp","href":"https:\/\/api.w.org\/{rel}","templated":true}]}}