{"id":68797,"date":"2023-11-29T12:45:21","date_gmt":"2023-11-29T15:45:21","guid":{"rendered":"https:\/\/www.todoeldia.com\/?p=68797"},"modified":"2023-11-29T12:45:25","modified_gmt":"2023-11-29T15:45:25","slug":"dos-perdedores-se-sumarian-al-gabinete-de-gustavo-saenz-mario-mimessi-y-cristina-fiore","status":"publish","type":"post","link":"https:\/\/www.todoeldia.com\/index.php\/2023\/11\/29\/dos-perdedores-se-sumarian-al-gabinete-de-gustavo-saenz-mario-mimessi-y-cristina-fiore\/","title":{"rendered":"Dos perdedores se sumar\u00edan al gabinete de Gustavo S\u00e1enz: Mario Mimessi y Cristina Fiore"},"content":{"rendered":"\n<p>El radical Mario Mimessi, actual intendente de Tartagal y que perdi\u00f3 la reelecci\u00f3n en su ciudad se sumar\u00eda al gabinete provincial como ministro de Desarrollo Social, en reemplazo de Silvina Vargas, \u00e1rea que conoce muy bien, debido a que una de sus funcionarias est\u00e1 procesada por cobrar coimas a beneficiarias de un plan, sin que hasta el momento se haya determinado a quien estaba destinada la recaudaci\u00f3n.<\/p>\n\n\n\n<figure class=\"wp-block-image size-full is-resized\"><img loading=\"lazy\" decoding=\"async\" width=\"862\" height=\"450\" src=\"https:\/\/www.todoeldia.com\/wp-content\/uploads\/2022\/11\/Mimessi-y-claudia-cordero.jpg\" alt=\"\" class=\"wp-image-48656\" style=\"width:1068px;height:auto\" srcset=\"https:\/\/www.todoeldia.com\/wp-content\/uploads\/2022\/11\/Mimessi-y-claudia-cordero.jpg 862w, https:\/\/www.todoeldia.com\/wp-content\/uploads\/2022\/11\/Mimessi-y-claudia-cordero-300x157.jpg 300w, https:\/\/www.todoeldia.com\/wp-content\/uploads\/2022\/11\/Mimessi-y-claudia-cordero-768x401.jpg 768w, https:\/\/www.todoeldia.com\/wp-content\/uploads\/2022\/11\/Mimessi-y-claudia-cordero-696x363.jpg 696w, https:\/\/www.todoeldia.com\/wp-content\/uploads\/2022\/11\/Mimessi-y-claudia-cordero-805x420.jpg 805w\" sizes=\"auto, (max-width: 862px) 100vw, 862px\" \/><figcaption class=\"wp-element-caption\">El Intendente de Tartagal, Mario Mimessi y Carla Cordero la ex funcionaria denunciada por &#8220;coimas&#8221;<\/figcaption><\/figure>\n\n\n\n<p>Cristina Fiore, desde 1.995 viene ejerciendo cargos p\u00fablicos; estuvo en el Frente por la Victoria; fue presidente del PRS, y perdi\u00f3 las elecciones a las que se present\u00f3 como candidata a convencional contra Jorge Oscar Folloni.<\/p>\n\n\n\n<p>Integro una alianza con Alfredo Olmedo, luego se sum\u00f3 al frente Avancemos conformado con el dirigente kirchnerista Emiliano Estrada, el olmedista Carlos Zapata y el independiente Felipe Biella y el a\u00f1o pasado se neg\u00f3 a ser la candidata del Partido de la Victoria.<\/p>\n\n\n\n<p>Cristina Fiore, la diputada mandato cumplido, actualmente sin partido est\u00e1 nominada para asumir como ministra de Educaci\u00f3n en reemplazo de Mat\u00edas C\u00e1nepa.<\/p>\n","protected":false},"excerpt":{"rendered":"<p>El radical Mario Mimessi, actual intendente de Tartagal y que perdi\u00f3 la reelecci\u00f3n en su ciudad se sumar\u00eda al gabinete provincial como ministro de Desarrollo Social, en reemplazo de Silvina Vargas, \u00e1rea que conoce muy bien, debido a que una de sus funcionarias est\u00e1 procesada por cobrar coimas a beneficiarias de un plan, sin que [&hellip;]<\/p>\n","protected":false},"author":2,"featured_media":68798,"comment_status":"open","ping_status":"open","sticky":false,"template":"","format":"standard","meta":{"tdm_status":"","tdm_grid_status":"","_joinchat":[],"footnotes":""},"categories":[59],"tags":[],"class_list":{"0":"post-68797","1":"post","2":"type-post","3":"status-publish","4":"format-standard","5":"has-post-thumbnail","7":"category-politica"},"amp_enabled":true,"_links":{"self":[{"href":"https:\/\/www.todoeldia.com\/index.php\/wp-json\/wp\/v2\/posts\/68797","targetHints":{"allow":["GET"]}}],"collection":[{"href":"https:\/\/www.todoeldia.com\/index.php\/wp-json\/wp\/v2\/posts"}],"about":[{"href":"https:\/\/www.todoeldia.com\/index.php\/wp-json\/wp\/v2\/types\/post"}],"author":[{"embeddable":true,"href":"https:\/\/www.todoeldia.com\/index.php\/wp-json\/wp\/v2\/users\/2"}],"replies":[{"embeddable":true,"href":"https:\/\/www.todoeldia.com\/index.php\/wp-json\/wp\/v2\/comments?post=68797"}],"version-history":[{"count":1,"href":"https:\/\/www.todoeldia.com\/index.php\/wp-json\/wp\/v2\/posts\/68797\/revisions"}],"predecessor-version":[{"id":68799,"href":"https:\/\/www.todoeldia.com\/index.php\/wp-json\/wp\/v2\/posts\/68797\/revisions\/68799"}],"wp:featuredmedia":[{"embeddable":true,"href":"https:\/\/www.todoeldia.com\/index.php\/wp-json\/wp\/v2\/media\/68798"}],"wp:attachment":[{"href":"https:\/\/www.todoeldia.com\/index.php\/wp-json\/wp\/v2\/media?parent=68797"}],"wp:term":[{"taxonomy":"category","embeddable":true,"href":"https:\/\/www.todoeldia.com\/index.php\/wp-json\/wp\/v2\/categories?post=68797"},{"taxonomy":"post_tag","embeddable":true,"href":"https:\/\/www.todoeldia.com\/index.php\/wp-json\/wp\/v2\/tags?post=68797"}],"curies":[{"name":"wp","href":"https:\/\/api.w.org\/{rel}","templated":true}]}}