{"id":68812,"date":"2023-11-29T17:03:48","date_gmt":"2023-11-29T20:03:48","guid":{"rendered":"https:\/\/www.todoeldia.com\/?p=68812"},"modified":"2023-11-29T17:03:51","modified_gmt":"2023-11-29T20:03:51","slug":"declaro-un-vecino-del-joven-que-perdio-un-ojo-por-el-disparo-de-un-policia-con-una-marcadora-paintball","status":"publish","type":"post","link":"https:\/\/www.todoeldia.com\/index.php\/2023\/11\/29\/declaro-un-vecino-del-joven-que-perdio-un-ojo-por-el-disparo-de-un-policia-con-una-marcadora-paintball\/","title":{"rendered":"Declar\u00f3 un vecino del joven que perdi\u00f3 un ojo por el disparo de un polic\u00eda con una marcadora Paintball"},"content":{"rendered":"\n<p>En la Sala VI del Tribunal de Juicio se desarrolla la audiencia de debate en la causa seguida contra tres efectivos policiales imputados por vejaciones calificadas.<\/p>\n\n\n\n<p>El juicio unipersonal es presidido por el juez Guillermo Pereyra. Por el Ministerio P\u00fablico interviene la fiscal penal de Derechos Humanos, Claudia Geria. La defensa de los acusados est\u00e1 a cargo de Pablo Alberto Gonz\u00e1lez. Est\u00e1 previsto que se extienda hasta el 4 de diciembre.<\/p>\n\n\n\n<figure class=\"wp-block-image size-large\"><img loading=\"lazy\" decoding=\"async\" width=\"1024\" height=\"576\" src=\"https:\/\/www.todoeldia.com\/wp-content\/uploads\/2023\/11\/image-179-1024x576.png\" alt=\"\" class=\"wp-image-68814\" srcset=\"https:\/\/www.todoeldia.com\/wp-content\/uploads\/2023\/11\/image-179-1024x576.png 1024w, https:\/\/www.todoeldia.com\/wp-content\/uploads\/2023\/11\/image-179-300x169.png 300w, https:\/\/www.todoeldia.com\/wp-content\/uploads\/2023\/11\/image-179-768x432.png 768w, https:\/\/www.todoeldia.com\/wp-content\/uploads\/2023\/11\/image-179-696x392.png 696w, https:\/\/www.todoeldia.com\/wp-content\/uploads\/2023\/11\/image-179-1068x601.png 1068w, https:\/\/www.todoeldia.com\/wp-content\/uploads\/2023\/11\/image-179-746x420.png 746w, https:\/\/www.todoeldia.com\/wp-content\/uploads\/2023\/11\/image-179.png 1224w\" sizes=\"auto, (max-width: 1024px) 100vw, 1024px\" \/><\/figure>\n\n\n\n<p>El juicio se encuentra en la etapa de recepci\u00f3n de pruebas testimoniales. Hoy declararon, entre otros, un vecino del damnificado, de barrio Ceferino, y el oftalm\u00f3logo que lo atendi\u00f3 en el Hospital San Bernardo el 19 de agosto de 2018.<\/p>\n\n\n\n<p>El primer testigo se\u00f1al\u00f3 que conoce al damnificado V. H. G. porque son vecinos desde hace muchos a\u00f1os, vive al frente de su casa. Cont\u00f3 que el d\u00eda del hecho \u2013un domingo por la ma\u00f1ana- estaba en su casa, a punto de entrar a ba\u00f1arse, cuando su esposa le pidi\u00f3 que interviniera porque afuera estaba la polic\u00eda \u201ccorriendo a los chicos\u201d.<\/p>\n\n\n\n<p>Sali\u00f3 y vio que por la calle ven\u00eda un grupo de alrededor de seis muchachos, caminando, y por detr\u00e1s un polic\u00eda que le disparaba con una pistola de pintura por la espalda a uno de los chicos. Dijo que el muchacho ten\u00eda un camper\u00f3n y que no alcanz\u00f3 a ver si la prenda estaba manchada. En la esquina observ\u00f3 un m\u00f3vil policial (camioneta) estacionado, con otros efectivos.<\/p>\n\n\n\n<p>El testigo describi\u00f3 que el arma utilizada era \u201ccomo una pistola de agua, era oscura y ten\u00eda un tambor\u201d. \u00c9l se enfrent\u00f3 al polic\u00eda insult\u00e1ndolo y reclam\u00e1ndole que se fuera. Antes de marcharse en la camioneta, el uniformado le respondi\u00f3: \u201cUstedes siempre los apa\u00f1an\u201d.<\/p>\n\n\n\n<p>En tanto, el grupo de chicos se hab\u00eda retirado por un pasillo. \u00c9l les pidi\u00f3 que \u201cse metieran a la casa\u201d de V. H. G.<\/p>\n\n\n\n<p>El testigo continu\u00f3 relatando que volvi\u00f3 a su domicilio, entr\u00f3 a ducharse y su mujer le avis\u00f3 que la polic\u00eda hab\u00eda vuelto. Sali\u00f3 raudamente y observ\u00f3 que un efectivo pateaba la puerta de la casa de V. H. G. mientras una t\u00eda de la v\u00edctima profer\u00eda insultos desde el primer piso. Ese mismo polic\u00eda apunt\u00f3 con la pistola entre los hierros de la reja y dispar\u00f3. \u201cYo estaba a cinco o seis metros, cruzando la calle\u201d, indic\u00f3 el testigo. Decidi\u00f3 intervenir nuevamente increpando al uniformado. En ese momento una mujer polic\u00eda se acerc\u00f3 al tirador, lo sujet\u00f3, lo hizo girar \u201ccomo ret\u00e1ndolo\u201d y lo llev\u00f3 al m\u00f3vil. Subieron y se fueron.<\/p>\n\n\n\n<p>Seguidamente \u00e9l se dirigi\u00f3 a la casa de la v\u00edctima y los amigos le avisaron que a V. H. G. le hab\u00edan pegado un tiro en el ojo. Entr\u00f3 a buscarlo y vio que el chico ten\u00eda un trapo sobre la cara, lleno de sangre. Inmediatamente decidi\u00f3 llevarlo al hospital en su veh\u00edculo particular.<\/p>\n\n\n\n<p>El testigo manifest\u00f3 que en su barrio hay un sector conflictivo que es \u201cel del fondo\u201d, donde hay algunos vecinos \u201cque toman y se pelean\u201d. Pero asegur\u00f3 que en su zona los j\u00f3venes no hacen problemas. Sostuvo que esa ma\u00f1ana, \u201cseguramente estar\u00edan amanecidos y habr\u00edan tomado\u201d porque la noche previa se hab\u00eda realizado un festival para los ni\u00f1os, pero asegur\u00f3 que no hab\u00edan protagonizado ning\u00fan disturbio.<\/p>\n\n\n\n<p>Por su parte, el oftalm\u00f3logo que atendi\u00f3 a la v\u00edctima en el Hospital San Bernardo ratific\u00f3 -a partir de la lectura de los certificados e historia cl\u00ednica agregados al expediente- que V. H. G. hab\u00eda sufrido estallido traum\u00e1tico del ojo derecho. En el nosocomio se le realizaron ex\u00e1menes pre quir\u00fargicos y luego el paciente fue derivado a otra instituci\u00f3n para una intervenci\u00f3n quir\u00fargica.<\/p>\n\n\n\n<p>El profesional se\u00f1al\u00f3 que el trauma pudo haber sido causado por el impacto fuerte de una bolilla, perdig\u00f3n, piedra, bala o elemento similar. Tambi\u00e9n por un golpe de pu\u00f1o con anillo u objeto parecido.<\/p>\n\n\n\n<p>En la historia cl\u00ednica se dej\u00f3 constancia de que el paciente hab\u00eda perdido la vista del ojo afectado y que \u00e9l mismo hab\u00eda referido haber sido lesionado por una bala.<\/p>\n\n\n\n<p>La denuncia fue presentada por la madre del damnificado V. H. G. Seg\u00fan consta en la causa, la ma\u00f1ana del 19 de agosto de 2018 el damnificado estaba en su domicilio de pasaje Ormachea con unos amigos. \u00c9l hab\u00eda entrado y de repente escuch\u00f3 un ruido fuerte y vio entrar corriendo a los otros chicos.&nbsp;<\/p>\n\n\n\n<p>V. H. G. sali\u00f3 y vio a la polic\u00eda. En ese momento uno de los efectivos, de uniforme negro, le dispar\u00f3 con un arma marcadora. La v\u00edctima fue auxiliada por un vecino que lo traslad\u00f3 en su veh\u00edculo particular al Hospital San Bernardo. En el nosocomio, el oftalm\u00f3logo examin\u00f3 al joven y le diagnostic\u00f3 \u201cestallido de ojo derecho\u201d por impacto de proyectil.<\/p>\n","protected":false},"excerpt":{"rendered":"<p>En la Sala VI del Tribunal de Juicio se desarrolla la audiencia de debate en la causa seguida contra tres efectivos policiales imputados por vejaciones calificadas. El juicio unipersonal es presidido por el juez Guillermo Pereyra. Por el Ministerio P\u00fablico interviene la fiscal penal de Derechos Humanos, Claudia Geria. La defensa de los acusados est\u00e1 [&hellip;]<\/p>\n","protected":false},"author":2,"featured_media":68813,"comment_status":"open","ping_status":"open","sticky":false,"template":"","format":"standard","meta":{"tdm_status":"","tdm_grid_status":"","_joinchat":[],"footnotes":""},"categories":[63],"tags":[],"class_list":{"0":"post-68812","1":"post","2":"type-post","3":"status-publish","4":"format-standard","5":"has-post-thumbnail","7":"category-policiales"},"amp_enabled":true,"_links":{"self":[{"href":"https:\/\/www.todoeldia.com\/index.php\/wp-json\/wp\/v2\/posts\/68812","targetHints":{"allow":["GET"]}}],"collection":[{"href":"https:\/\/www.todoeldia.com\/index.php\/wp-json\/wp\/v2\/posts"}],"about":[{"href":"https:\/\/www.todoeldia.com\/index.php\/wp-json\/wp\/v2\/types\/post"}],"author":[{"embeddable":true,"href":"https:\/\/www.todoeldia.com\/index.php\/wp-json\/wp\/v2\/users\/2"}],"replies":[{"embeddable":true,"href":"https:\/\/www.todoeldia.com\/index.php\/wp-json\/wp\/v2\/comments?post=68812"}],"version-history":[{"count":1,"href":"https:\/\/www.todoeldia.com\/index.php\/wp-json\/wp\/v2\/posts\/68812\/revisions"}],"predecessor-version":[{"id":68815,"href":"https:\/\/www.todoeldia.com\/index.php\/wp-json\/wp\/v2\/posts\/68812\/revisions\/68815"}],"wp:featuredmedia":[{"embeddable":true,"href":"https:\/\/www.todoeldia.com\/index.php\/wp-json\/wp\/v2\/media\/68813"}],"wp:attachment":[{"href":"https:\/\/www.todoeldia.com\/index.php\/wp-json\/wp\/v2\/media?parent=68812"}],"wp:term":[{"taxonomy":"category","embeddable":true,"href":"https:\/\/www.todoeldia.com\/index.php\/wp-json\/wp\/v2\/categories?post=68812"},{"taxonomy":"post_tag","embeddable":true,"href":"https:\/\/www.todoeldia.com\/index.php\/wp-json\/wp\/v2\/tags?post=68812"}],"curies":[{"name":"wp","href":"https:\/\/api.w.org\/{rel}","templated":true}]}}