{"id":68816,"date":"2023-11-29T21:56:48","date_gmt":"2023-11-30T00:56:48","guid":{"rendered":"https:\/\/www.todoeldia.com\/?p=68816"},"modified":"2023-11-29T21:56:51","modified_gmt":"2023-11-30T00:56:51","slug":"no-era-el-dibu-en-un-partido-de-futbol-se-calento-y-le-corto-un-dedo-al-arquero-rival-con-un-machete","status":"publish","type":"post","link":"https:\/\/www.todoeldia.com\/index.php\/2023\/11\/29\/no-era-el-dibu-en-un-partido-de-futbol-se-calento-y-le-corto-un-dedo-al-arquero-rival-con-un-machete\/","title":{"rendered":"\u00a1No era el Dibu! En un partido de futbol se calent\u00f3 y le cort\u00f3 un dedo al arquero rival con un machete"},"content":{"rendered":"\n<p>El hecho ocurri\u00f3 en 2019, cuando en el contexto de un partido de f\u00fatbol, el acusado agredi\u00f3 con un machete en la mano al arquero de uno de los equipos, provoc\u00e1ndole lesiones en los dedos y la amputaci\u00f3n de una de las falanges. Por su incomparecencia, lleg\u00f3 a juicio detenido.<\/p>\n\n\n\n<p>La fiscal penal 1 de Or\u00e1n, Daniela Mur\u00faa, represent\u00f3 al Ministerio P\u00fablico Fiscal ante la Sala II del Tribunal de Juicio de ese distrito, en la audiencia de juicio abreviado contra Ramiro Miranda como autor del delito de lesiones graves.<\/p>\n\n\n\n<p>El hecho investigado ocurri\u00f3 en septiembre de 2019, cuando se disputaba un partido de f\u00fatbol en una cancha de esa ciudad. En aquel momento, el hermano de uno de los jugadores, agredi\u00f3 con un machete al arquero del equipo rival, caus\u00e1ndole lesiones en los dedos de una mano y la amputaci\u00f3n de una de las falanges.<\/p>\n\n\n\n<p>El acusado permaneci\u00f3 rebelde y desde la Fiscal\u00eda se solicit\u00f3 su detenci\u00f3n para la realizaci\u00f3n de la audiencia de juicio abreviado.<\/p>\n\n\n\n<p>Tras recibir la confesi\u00f3n del individuo, el juez Fabi\u00e1n Fayos le impuso una pena de 2 a\u00f1os de prisi\u00f3n de ejecuci\u00f3n condicional y el cumplimiento de reglas de conducta por el mismo t\u00e9rmino. Entre estas condiciones, se incluye la prohibici\u00f3n de acercarse a la v\u00edctima.<\/p>\n","protected":false},"excerpt":{"rendered":"<p>El hecho ocurri\u00f3 en 2019, cuando en el contexto de un partido de f\u00fatbol, el acusado agredi\u00f3 con un machete en la mano al arquero de uno de los equipos, provoc\u00e1ndole lesiones en los dedos y la amputaci\u00f3n de una de las falanges. Por su incomparecencia, lleg\u00f3 a juicio detenido. La fiscal penal 1 de [&hellip;]<\/p>\n","protected":false},"author":2,"featured_media":12091,"comment_status":"open","ping_status":"open","sticky":false,"template":"","format":"standard","meta":{"tdm_status":"","tdm_grid_status":"","_joinchat":[],"footnotes":""},"categories":[63],"tags":[],"class_list":{"0":"post-68816","1":"post","2":"type-post","3":"status-publish","4":"format-standard","5":"has-post-thumbnail","7":"category-policiales"},"amp_enabled":true,"_links":{"self":[{"href":"https:\/\/www.todoeldia.com\/index.php\/wp-json\/wp\/v2\/posts\/68816","targetHints":{"allow":["GET"]}}],"collection":[{"href":"https:\/\/www.todoeldia.com\/index.php\/wp-json\/wp\/v2\/posts"}],"about":[{"href":"https:\/\/www.todoeldia.com\/index.php\/wp-json\/wp\/v2\/types\/post"}],"author":[{"embeddable":true,"href":"https:\/\/www.todoeldia.com\/index.php\/wp-json\/wp\/v2\/users\/2"}],"replies":[{"embeddable":true,"href":"https:\/\/www.todoeldia.com\/index.php\/wp-json\/wp\/v2\/comments?post=68816"}],"version-history":[{"count":1,"href":"https:\/\/www.todoeldia.com\/index.php\/wp-json\/wp\/v2\/posts\/68816\/revisions"}],"predecessor-version":[{"id":68817,"href":"https:\/\/www.todoeldia.com\/index.php\/wp-json\/wp\/v2\/posts\/68816\/revisions\/68817"}],"wp:featuredmedia":[{"embeddable":true,"href":"https:\/\/www.todoeldia.com\/index.php\/wp-json\/wp\/v2\/media\/12091"}],"wp:attachment":[{"href":"https:\/\/www.todoeldia.com\/index.php\/wp-json\/wp\/v2\/media?parent=68816"}],"wp:term":[{"taxonomy":"category","embeddable":true,"href":"https:\/\/www.todoeldia.com\/index.php\/wp-json\/wp\/v2\/categories?post=68816"},{"taxonomy":"post_tag","embeddable":true,"href":"https:\/\/www.todoeldia.com\/index.php\/wp-json\/wp\/v2\/tags?post=68816"}],"curies":[{"name":"wp","href":"https:\/\/api.w.org\/{rel}","templated":true}]}}