{"id":68818,"date":"2023-11-29T21:59:49","date_gmt":"2023-11-30T00:59:49","guid":{"rendered":"https:\/\/www.todoeldia.com\/?p=68818"},"modified":"2023-11-29T21:59:52","modified_gmt":"2023-11-30T00:59:52","slug":"detienen-al-individuo-que-le-partio-la-cabeza-con-un-machete-a-un-hombre-en-barrio-sanidad","status":"publish","type":"post","link":"https:\/\/www.todoeldia.com\/index.php\/2023\/11\/29\/detienen-al-individuo-que-le-partio-la-cabeza-con-un-machete-a-un-hombre-en-barrio-sanidad\/","title":{"rendered":"Detienen al individuo que le parti\u00f3 la cabeza con un machete a un hombre en Barrio sanidad"},"content":{"rendered":"\n<p>El acusado, junto a otras personas, habr\u00edan atacado a un hombre con golpes, patadas y lo lesionaron en el cr\u00e1neo con un arma blanca. Por el hecho ya hay un detenido con prisi\u00f3n preventiva.<\/p>\n\n\n\n<p>El fiscal penal 2 de la Unidad de Graves Atentados contra las Personas, Gabriel Gonz\u00e1lez, imput\u00f3 de forma provisional a un hombre mayor de edad como autor del delito de tentativa de homicidio calificado por el concurso premeditado de dos o m\u00e1s personas en concurso real con amenazas (un hecho).<\/p>\n\n\n\n<p>Acompa\u00f1ado de un defensor oficial, el acusado prest\u00f3 declaraci\u00f3n, dando su versi\u00f3n de lo sucedido y desde la Fiscal\u00eda se solicit\u00f3 su prisi\u00f3n preventiva.<\/p>\n\n\n\n<p>El imputado se encontraba pr\u00f3fugo y fue detenido en las \u00faltimas horas por personal de la Unidad de Investigaci\u00f3n UGAP.<\/p>\n\n\n\n<p>El hecho investigado tuvo lugar el pasado 20 de octubre en el barrio Sanidad de la ciudad de Salta. Ese d\u00eda, un hombre de 28 a\u00f1os fue brutalmente agredido por un grupo de personas, quienes le propinaron golpes de pu\u00f1o y patadas, resultando gravemente lesionado en el cr\u00e1neo con un machete. Las consecuencias de la agresi\u00f3n fueron tan severas que el afectado requiri\u00f3 ser inmediatamente hospitalizado, constat\u00e1ndose que corri\u00f3 riesgo de vida.<\/p>\n\n\n\n<p>Por el incidente ya se encuentra detenido con prisi\u00f3n preventiva un hombre de 27 a\u00f1os.<\/p>\n","protected":false},"excerpt":{"rendered":"<p>El acusado, junto a otras personas, habr\u00edan atacado a un hombre con golpes, patadas y lo lesionaron en el cr\u00e1neo con un arma blanca. Por el hecho ya hay un detenido con prisi\u00f3n preventiva. El fiscal penal 2 de la Unidad de Graves Atentados contra las Personas, Gabriel Gonz\u00e1lez, imput\u00f3 de forma provisional a un [&hellip;]<\/p>\n","protected":false},"author":2,"featured_media":39364,"comment_status":"open","ping_status":"open","sticky":false,"template":"","format":"standard","meta":{"tdm_status":"","tdm_grid_status":"","_joinchat":[],"footnotes":""},"categories":[63],"tags":[],"class_list":{"0":"post-68818","1":"post","2":"type-post","3":"status-publish","4":"format-standard","5":"has-post-thumbnail","7":"category-policiales"},"amp_enabled":true,"_links":{"self":[{"href":"https:\/\/www.todoeldia.com\/index.php\/wp-json\/wp\/v2\/posts\/68818","targetHints":{"allow":["GET"]}}],"collection":[{"href":"https:\/\/www.todoeldia.com\/index.php\/wp-json\/wp\/v2\/posts"}],"about":[{"href":"https:\/\/www.todoeldia.com\/index.php\/wp-json\/wp\/v2\/types\/post"}],"author":[{"embeddable":true,"href":"https:\/\/www.todoeldia.com\/index.php\/wp-json\/wp\/v2\/users\/2"}],"replies":[{"embeddable":true,"href":"https:\/\/www.todoeldia.com\/index.php\/wp-json\/wp\/v2\/comments?post=68818"}],"version-history":[{"count":1,"href":"https:\/\/www.todoeldia.com\/index.php\/wp-json\/wp\/v2\/posts\/68818\/revisions"}],"predecessor-version":[{"id":68819,"href":"https:\/\/www.todoeldia.com\/index.php\/wp-json\/wp\/v2\/posts\/68818\/revisions\/68819"}],"wp:featuredmedia":[{"embeddable":true,"href":"https:\/\/www.todoeldia.com\/index.php\/wp-json\/wp\/v2\/media\/39364"}],"wp:attachment":[{"href":"https:\/\/www.todoeldia.com\/index.php\/wp-json\/wp\/v2\/media?parent=68818"}],"wp:term":[{"taxonomy":"category","embeddable":true,"href":"https:\/\/www.todoeldia.com\/index.php\/wp-json\/wp\/v2\/categories?post=68818"},{"taxonomy":"post_tag","embeddable":true,"href":"https:\/\/www.todoeldia.com\/index.php\/wp-json\/wp\/v2\/tags?post=68818"}],"curies":[{"name":"wp","href":"https:\/\/api.w.org\/{rel}","templated":true}]}}