{"id":68837,"date":"2023-11-30T15:05:09","date_gmt":"2023-11-30T18:05:09","guid":{"rendered":"https:\/\/www.todoeldia.com\/?p=68837"},"modified":"2023-11-30T15:05:12","modified_gmt":"2023-11-30T18:05:12","slug":"lo-quieren-contratar-para-fundir-las-empresas-massa-revelo-que-evalua-tres-ofertas-del-sector-privado-para-trabajar-en-el-exterior","status":"publish","type":"post","link":"https:\/\/www.todoeldia.com\/index.php\/2023\/11\/30\/lo-quieren-contratar-para-fundir-las-empresas-massa-revelo-que-evalua-tres-ofertas-del-sector-privado-para-trabajar-en-el-exterior\/","title":{"rendered":"\u00bfLo quieren contratar para fundir las empresas? Massa revel\u00f3 que eval\u00faa tres ofertas del sector privado para trabajar en el exterior"},"content":{"rendered":"\n<p>El ministro de Econom\u00eda y excandidato presidencial habl\u00f3 tras el triunfo de Javier Milei y revel\u00f3 detalles de sus pr\u00f3ximos pasos, alejado de la funci\u00f3n p\u00fablica.<\/p>\n\n\n\n<p>El hasta entonces ministro de Econom\u00eda y excandidato presidencial, Sergio Massa, habl\u00f3 por primera vez de su futuro tras la derrota que sufri\u00f3 en el balotaje del 19 de noviembre y revel\u00f3 que tiene en estudio tres ofertas del sector privado para trabajar en el exterior.<\/p>\n\n\n\n<p>A la salida del Palacio de Hacienda, luego de haber protagonizado un encuentro con gobernadores, Massa confirm\u00f3 a la prensa que eval\u00faa &#8220;lo m\u00e1s conveniente&#8221; para su vida personal en funci\u00f3n de la realidad de su familia.<\/p>\n\n\n\n<p>Voy a trabajar. Tengo tres ofertas del sector privado para trabajar fuera de la Argentina, que excluye la posibilidad por la ley de \u00e9tica p\u00fablica que pueda realizar cualquier actividad comercial con la Argentina y estoy evaluando qu\u00e9 es lo m\u00e1s conveniente para mi vida personal y para mi familia&#8221;, afirm\u00f3.<\/p>\n","protected":false},"excerpt":{"rendered":"<p>El ministro de Econom\u00eda y excandidato presidencial habl\u00f3 tras el triunfo de Javier Milei y revel\u00f3 detalles de sus pr\u00f3ximos pasos, alejado de la funci\u00f3n p\u00fablica. El hasta entonces ministro de Econom\u00eda y excandidato presidencial, Sergio Massa, habl\u00f3 por primera vez de su futuro tras la derrota que sufri\u00f3 en el balotaje del 19 de [&hellip;]<\/p>\n","protected":false},"author":2,"featured_media":68288,"comment_status":"open","ping_status":"open","sticky":false,"template":"","format":"standard","meta":{"tdm_status":"","tdm_grid_status":"","_joinchat":[],"footnotes":""},"categories":[59],"tags":[],"class_list":{"0":"post-68837","1":"post","2":"type-post","3":"status-publish","4":"format-standard","5":"has-post-thumbnail","7":"category-politica"},"amp_enabled":true,"_links":{"self":[{"href":"https:\/\/www.todoeldia.com\/index.php\/wp-json\/wp\/v2\/posts\/68837","targetHints":{"allow":["GET"]}}],"collection":[{"href":"https:\/\/www.todoeldia.com\/index.php\/wp-json\/wp\/v2\/posts"}],"about":[{"href":"https:\/\/www.todoeldia.com\/index.php\/wp-json\/wp\/v2\/types\/post"}],"author":[{"embeddable":true,"href":"https:\/\/www.todoeldia.com\/index.php\/wp-json\/wp\/v2\/users\/2"}],"replies":[{"embeddable":true,"href":"https:\/\/www.todoeldia.com\/index.php\/wp-json\/wp\/v2\/comments?post=68837"}],"version-history":[{"count":1,"href":"https:\/\/www.todoeldia.com\/index.php\/wp-json\/wp\/v2\/posts\/68837\/revisions"}],"predecessor-version":[{"id":68838,"href":"https:\/\/www.todoeldia.com\/index.php\/wp-json\/wp\/v2\/posts\/68837\/revisions\/68838"}],"wp:featuredmedia":[{"embeddable":true,"href":"https:\/\/www.todoeldia.com\/index.php\/wp-json\/wp\/v2\/media\/68288"}],"wp:attachment":[{"href":"https:\/\/www.todoeldia.com\/index.php\/wp-json\/wp\/v2\/media?parent=68837"}],"wp:term":[{"taxonomy":"category","embeddable":true,"href":"https:\/\/www.todoeldia.com\/index.php\/wp-json\/wp\/v2\/categories?post=68837"},{"taxonomy":"post_tag","embeddable":true,"href":"https:\/\/www.todoeldia.com\/index.php\/wp-json\/wp\/v2\/tags?post=68837"}],"curies":[{"name":"wp","href":"https:\/\/api.w.org\/{rel}","templated":true}]}}