{"id":6884,"date":"2020-09-27T20:12:05","date_gmt":"2020-09-27T23:12:05","guid":{"rendered":"https:\/\/www.todoeldia.com\/?p=6884"},"modified":"2020-09-27T20:12:06","modified_gmt":"2020-09-27T23:12:06","slug":"se-viene-el-iphone-12-mini-apple-se-prepara-para-lanzar-el-telefono-mas-pequeno-de-su-marca","status":"publish","type":"post","link":"https:\/\/www.todoeldia.com\/index.php\/2020\/09\/27\/se-viene-el-iphone-12-mini-apple-se-prepara-para-lanzar-el-telefono-mas-pequeno-de-su-marca\/","title":{"rendered":"\u00bfSe viene el iPhone 12 &#8220;mini&#8221;? Apple se prepara para lanzar el tel\u00e9fono m\u00e1s peque\u00f1o de su marca"},"content":{"rendered":"\n<p>El 15 de septiembre Apple&nbsp;llev\u00f3 a cabo un evento, encabezado por su CEO,&nbsp;<strong>Tim Cook<\/strong>, por streaming desde su tradicional sede de&nbsp;Apple Park,&nbsp;en Cupertino, California, donde present\u00f3 los productos nuevos que saldr\u00e1n a la venta:&nbsp;un nuevo reloj de alta gama, el Apple Watch 6; una versi\u00f3n m\u00e1s econ\u00f3mica del mismo, denominada Apple Watch SE, un iPad de octava generaci\u00f3n y una iPad Air.&nbsp; Pero \u00bfy el iPhone 12?<\/p>\n\n\n\n<p>Si bien la familia de la nueva generaci\u00f3n del popular smartphone de la manzanita no tiene fecha de presentaci\u00f3n a\u00fan, debido a la pandemia de coronavirus,&nbsp;&nbsp;se sabe que Apple celebrar\u00e1&nbsp;un evento virtual posiblemente el 13 de octubre, donde -seg\u00fan los expertos y analistas- dar\u00e1n a conocer detalles del iPhone 12, la estrella del portafolio de la empresa.&nbsp;&nbsp;<\/p>\n\n\n\n<p>En medio de este panorama, se filtr\u00f3 la existencia del primer iPhone &#8220;mini&#8221; que llegar\u00eda de la mano de la siguiente generaci\u00f3n del tel\u00e9fono de Apple.&nbsp;En esta ocasi\u00f3n,&nbsp;la cuenta @duanrui1205 de Twitter -la encargada de filtrar&nbsp;las supuestas etiquetas oficiales que llevar\u00e1n los nuevos tel\u00e9fonos de Apple una vez lleguen al mercado-&nbsp;revel\u00f3 detalles de lo que planea la empresa con sede en Cupertino.<\/p>\n\n\n\n<p>Seg\u00fan inform\u00f3, el nuevo iPhone tendr\u00e1 su versi\u00f3n &#8220;mini&#8221; de&nbsp;&nbsp;5.4 pulgadas que llegar\u00eda al mercado con este nombre. Se trata de la&nbsp;primera ocasi\u00f3n que Apple lanza un iPhone con &#8220;mini&#8221;, una palabra que la empresa solo ha usado para la Mac y para el iPad. Aunque su pantalla ser\u00eda de 5.4 pulgadas, el iPhone 12 mini podr\u00eda posicionarse como el tel\u00e9fono m\u00e1s peque\u00f1o de Apple actualmente.<\/p>\n\n\n\n<p>Cabe destacar que el iPhone SE original (de 4 pulgadas) es todav\u00eda m\u00e1s peque\u00f1o, pero ese modelo ya no se vende oficialmente. Hasta ahora se sabe que la compa\u00f1\u00eda estadounidense&nbsp;prepara cuatro modelos del iPhone 12, dos para sustituir al iPhone 11 y dos modelos m\u00e1s para reemplazar a los iPhone 11 Pro.&nbsp;<\/p>\n\n\n\n<p>Seg\u00fan m\u00faltiples rumores y filtraciones, el iPhone 12 se dividir\u00e1 en dos modelos:&nbsp;uno de 5.4 pulgadas y otro de 6.1 pulgadas.&nbsp;El iPhone 12, que ser\u00e1 el modelo peque\u00f1o, se rumora que tendr\u00e1 pantalla OLED que Apple revelar\u00e1 como Super Retina Display. Este tel\u00e9fono contar\u00e1 con 4GB de RAM, almacenamiento de 128 o 256GB, un cuerpo de aluminio, procesador A14, chip con soporte 5G y una c\u00e1mara trasera de doble lente.&nbsp;<\/p>\n\n\n\n<p>Se trata del iPhone gama alta de 2020 de entrada, con un&nbsp;precio de 649 d\u00f3lares dependiendo del modelo que ir\u00e1 de 128GB y 256GB (en este caso su valor ser\u00e1 de&nbsp;US$ 749). Tambi\u00e9n contar\u00eda con una bater\u00eda de 2,227mAh.&nbsp; Mientras tanto, el iPhone 12 Max ser\u00e1 el hermano mayor con una pantalla tambi\u00e9n OLED, Super Retina Display, pero de 6.1 pulgadas.. Este modelo, que no es el Pro, tendr\u00eda bater\u00eda ligeramente m\u00e1s grande que el iPhone 12 qued\u00e1ndose con 2,775mAh.&nbsp;<\/p>\n\n\n\n<p>El iPhone 12 Max contar\u00e1 con 4GB de RAM, las mismas capacidades de almacenamiento del iPhone 12 y el cuerpo tambi\u00e9n de aluminio, procesador A14, soporte de 5G y c\u00e1mara trasera de doble lente. Sus precios ir\u00e1n desde US$ 749 a US$ 849.Finalmente el Pro&nbsp;tendr\u00e1&nbsp;6.1 pulgadas con pantalla OLED que Apple nombrar\u00e1 Super Retina XDR y ProMotion, una caracter\u00edstica que habilitar\u00e1 una mayor velocidad en el refresco de pantalla.<\/p>\n\n\n\n<p>Este modelo, el Pro m\u00e1s accesible, tendr\u00eda una bater\u00eda de 2,815mAh,&nbsp;6GB de RAM y opci\u00f3n de almacenamiento de 128GB, 256GB y 512GB, con precios de US$ 999, US$ 1,099 y US $1,299, respectivamente. Mientras que la versi\u00f3n Max de este dispositivo -conectividad 5G, procesador A14 y c\u00e1mara triple con sensor LiDAR- tendr\u00e1 un valor que ir\u00e1 de US$ 1,099; la versi\u00f3n de 256GB a US$ 1,399,&nbsp;la versi\u00f3n con 512GB.&nbsp;<\/p>\n","protected":false},"excerpt":{"rendered":"<p>El 15 de septiembre Apple&nbsp;llev\u00f3 a cabo un evento, encabezado por su CEO,&nbsp;Tim Cook, por streaming desde su tradicional sede de&nbsp;Apple Park,&nbsp;en Cupertino, California, donde present\u00f3 los productos nuevos que saldr\u00e1n a la venta:&nbsp;un nuevo reloj de alta gama, el Apple Watch 6; una versi\u00f3n m\u00e1s econ\u00f3mica del mismo, denominada Apple Watch SE, un iPad [&hellip;]<\/p>\n","protected":false},"author":2,"featured_media":6885,"comment_status":"open","ping_status":"open","sticky":false,"template":"","format":"standard","meta":{"tdm_status":"","tdm_grid_status":"","_joinchat":[],"footnotes":""},"categories":[73],"tags":[],"class_list":{"0":"post-6884","1":"post","2":"type-post","3":"status-publish","4":"format-standard","5":"has-post-thumbnail","7":"category-noticias-general"},"amp_enabled":true,"_links":{"self":[{"href":"https:\/\/www.todoeldia.com\/index.php\/wp-json\/wp\/v2\/posts\/6884","targetHints":{"allow":["GET"]}}],"collection":[{"href":"https:\/\/www.todoeldia.com\/index.php\/wp-json\/wp\/v2\/posts"}],"about":[{"href":"https:\/\/www.todoeldia.com\/index.php\/wp-json\/wp\/v2\/types\/post"}],"author":[{"embeddable":true,"href":"https:\/\/www.todoeldia.com\/index.php\/wp-json\/wp\/v2\/users\/2"}],"replies":[{"embeddable":true,"href":"https:\/\/www.todoeldia.com\/index.php\/wp-json\/wp\/v2\/comments?post=6884"}],"version-history":[{"count":1,"href":"https:\/\/www.todoeldia.com\/index.php\/wp-json\/wp\/v2\/posts\/6884\/revisions"}],"predecessor-version":[{"id":6886,"href":"https:\/\/www.todoeldia.com\/index.php\/wp-json\/wp\/v2\/posts\/6884\/revisions\/6886"}],"wp:featuredmedia":[{"embeddable":true,"href":"https:\/\/www.todoeldia.com\/index.php\/wp-json\/wp\/v2\/media\/6885"}],"wp:attachment":[{"href":"https:\/\/www.todoeldia.com\/index.php\/wp-json\/wp\/v2\/media?parent=6884"}],"wp:term":[{"taxonomy":"category","embeddable":true,"href":"https:\/\/www.todoeldia.com\/index.php\/wp-json\/wp\/v2\/categories?post=6884"},{"taxonomy":"post_tag","embeddable":true,"href":"https:\/\/www.todoeldia.com\/index.php\/wp-json\/wp\/v2\/tags?post=6884"}],"curies":[{"name":"wp","href":"https:\/\/api.w.org\/{rel}","templated":true}]}}