{"id":68842,"date":"2023-11-30T15:24:12","date_gmt":"2023-11-30T18:24:12","guid":{"rendered":"https:\/\/www.todoeldia.com\/?p=68842"},"modified":"2023-11-30T15:24:51","modified_gmt":"2023-11-30T18:24:51","slug":"transportaba-carne-y-pollos-en-la-camioneta-sin-cadena-de-frio-y-minimas-condiciones-de-higiene","status":"publish","type":"post","link":"https:\/\/www.todoeldia.com\/index.php\/2023\/11\/30\/transportaba-carne-y-pollos-en-la-camioneta-sin-cadena-de-frio-y-minimas-condiciones-de-higiene\/","title":{"rendered":"Transportaba carne y pollos en la camioneta sin cadena de fr\u00edo y m\u00ednimas condiciones de higiene"},"content":{"rendered":"\n<p>Cerca de las 15 de ayer efectivos de la Divisi\u00f3n Polic\u00eda Rural y Ambiental que realizaban control vehicular en avenida Palacios y ruta nacional N\u00b0 50 en Or\u00e1n, fiscalizaron a una camioneta conducida por un hombre de 33 a\u00f1os.<\/p>\n\n\n\n<p>Durante la entrevista con el conductor, los uniformados notaron que, en la parte trasera del rodado, en la caja, llevaba elementos envueltos en una lona negra de polietileno.<\/p>\n\n\n\n<figure class=\"wp-block-image size-full\"><img loading=\"lazy\" decoding=\"async\" width=\"1024\" height=\"575\" src=\"https:\/\/www.todoeldia.com\/wp-content\/uploads\/2023\/11\/image-181.png\" alt=\"\" class=\"wp-image-68844\" srcset=\"https:\/\/www.todoeldia.com\/wp-content\/uploads\/2023\/11\/image-181.png 1024w, https:\/\/www.todoeldia.com\/wp-content\/uploads\/2023\/11\/image-181-300x168.png 300w, https:\/\/www.todoeldia.com\/wp-content\/uploads\/2023\/11\/image-181-768x431.png 768w, https:\/\/www.todoeldia.com\/wp-content\/uploads\/2023\/11\/image-181-696x391.png 696w, https:\/\/www.todoeldia.com\/wp-content\/uploads\/2023\/11\/image-181-748x420.png 748w\" sizes=\"auto, (max-width: 1024px) 100vw, 1024px\" \/><\/figure>\n\n\n\n<p>Al controlar la carga, se constat\u00f3 que se trataba de carne vacuna y av\u00edcola que era transportada sin cadena de fr\u00edo o medidas m\u00ednimas de salubridad, por lo que se dio intervenci\u00f3n a la Fiscal\u00eda de la zona, procedi\u00e9ndose al secuestro y posterior decomiso de 120 kilos de carne vacuna y 80 kilos de carne av\u00edcola.<\/p>\n\n\n\n<p>El conductor de la camioneta fue infraccionado.<\/p>\n","protected":false},"excerpt":{"rendered":"<p>Cerca de las 15 de ayer efectivos de la Divisi\u00f3n Polic\u00eda Rural y Ambiental que realizaban control vehicular en avenida Palacios y ruta nacional N\u00b0 50 en Or\u00e1n, fiscalizaron a una camioneta conducida por un hombre de 33 a\u00f1os. Durante la entrevista con el conductor, los uniformados notaron que, en la parte trasera del rodado, [&hellip;]<\/p>\n","protected":false},"author":2,"featured_media":68843,"comment_status":"open","ping_status":"open","sticky":false,"template":"","format":"standard","meta":{"tdm_status":"","tdm_grid_status":"","_joinchat":[],"footnotes":""},"categories":[63],"tags":[],"class_list":{"0":"post-68842","1":"post","2":"type-post","3":"status-publish","4":"format-standard","5":"has-post-thumbnail","7":"category-policiales"},"amp_enabled":true,"_links":{"self":[{"href":"https:\/\/www.todoeldia.com\/index.php\/wp-json\/wp\/v2\/posts\/68842","targetHints":{"allow":["GET"]}}],"collection":[{"href":"https:\/\/www.todoeldia.com\/index.php\/wp-json\/wp\/v2\/posts"}],"about":[{"href":"https:\/\/www.todoeldia.com\/index.php\/wp-json\/wp\/v2\/types\/post"}],"author":[{"embeddable":true,"href":"https:\/\/www.todoeldia.com\/index.php\/wp-json\/wp\/v2\/users\/2"}],"replies":[{"embeddable":true,"href":"https:\/\/www.todoeldia.com\/index.php\/wp-json\/wp\/v2\/comments?post=68842"}],"version-history":[{"count":1,"href":"https:\/\/www.todoeldia.com\/index.php\/wp-json\/wp\/v2\/posts\/68842\/revisions"}],"predecessor-version":[{"id":68845,"href":"https:\/\/www.todoeldia.com\/index.php\/wp-json\/wp\/v2\/posts\/68842\/revisions\/68845"}],"wp:featuredmedia":[{"embeddable":true,"href":"https:\/\/www.todoeldia.com\/index.php\/wp-json\/wp\/v2\/media\/68843"}],"wp:attachment":[{"href":"https:\/\/www.todoeldia.com\/index.php\/wp-json\/wp\/v2\/media?parent=68842"}],"wp:term":[{"taxonomy":"category","embeddable":true,"href":"https:\/\/www.todoeldia.com\/index.php\/wp-json\/wp\/v2\/categories?post=68842"},{"taxonomy":"post_tag","embeddable":true,"href":"https:\/\/www.todoeldia.com\/index.php\/wp-json\/wp\/v2\/tags?post=68842"}],"curies":[{"name":"wp","href":"https:\/\/api.w.org\/{rel}","templated":true}]}}