{"id":68846,"date":"2023-11-30T18:25:35","date_gmt":"2023-11-30T21:25:35","guid":{"rendered":"https:\/\/www.todoeldia.com\/?p=68846"},"modified":"2023-11-30T18:42:45","modified_gmt":"2023-11-30T21:42:45","slug":"5-menores-de-14-y-16-anos-apretaron-a-un-joven-en-oran-y-le-robaron-el-celular","status":"publish","type":"post","link":"https:\/\/www.todoeldia.com\/index.php\/2023\/11\/30\/5-menores-de-14-y-16-anos-apretaron-a-un-joven-en-oran-y-le-robaron-el-celular\/","title":{"rendered":"En un ataque tipo &#8220;pira\u00f1a&#8221; 5 menores de 14 y 16 a\u00f1os \u201c le robaron el celular  a un joven en Or\u00e1n"},"content":{"rendered":"\n<p>El procedimiento se llev\u00f3 a cabo en la tarde de ayer, cuando efectivos que participaban del Operativo Or\u00e1n Seguro respondieron a la alerta por la sustracci\u00f3n de un aparato telef\u00f3nico. Se demor\u00f3 a los supuestos causantes y se recuper\u00f3 el tel\u00e9fono denunciado.<\/p>\n\n\n\n<p>Minutos despu\u00e9s de las 19, un adolescente alert\u00f3 a una patrulla de la Divisi\u00f3n Polic\u00eda Rural y Ambiental que realizaba trabajo preventivo, que momentos antes un grupo de j\u00f3venes lo amedrentaron para sustraerle el tel\u00e9fono celular, dando caracter\u00edsticas y la direcci\u00f3n hacia donde se habr\u00edan dado a la fuga.<\/p>\n\n\n\n<p>De inmediato se alert\u00f3 a los m\u00f3viles y patrullas en circulaci\u00f3n, con la colaboraci\u00f3n de efectivos de Drogas Peligrosas e Investigaciones se logr\u00f3 ubicar a un grupo de cinco j\u00f3venes que se ajustaban a la descripci\u00f3n brindada por la v\u00edctima.<\/p>\n\n\n\n<p>Se procedi\u00f3 a realizar un control de los elementos que transportaban, constatando que uno de ellos ten\u00eda en su poder el tel\u00e9fono celular denunciado. Al identificar a los sujetos resulto que todos eran adolescentes de entre 14 y 16.<\/p>\n\n\n\n<p>Los demorados y el secuestro quedaron a disposici\u00f3n del Juzgado de Menores de la zona.<\/p>\n","protected":false},"excerpt":{"rendered":"<p>El procedimiento se llev\u00f3 a cabo en la tarde de ayer, cuando efectivos que participaban del Operativo Or\u00e1n Seguro respondieron a la alerta por la sustracci\u00f3n de un aparato telef\u00f3nico. Se demor\u00f3 a los supuestos causantes y se recuper\u00f3 el tel\u00e9fono denunciado. Minutos despu\u00e9s de las 19, un adolescente alert\u00f3 a una patrulla de la [&hellip;]<\/p>\n","protected":false},"author":2,"featured_media":68854,"comment_status":"open","ping_status":"open","sticky":false,"template":"","format":"standard","meta":{"tdm_status":"","tdm_grid_status":"","_joinchat":[],"footnotes":""},"categories":[63],"tags":[],"class_list":{"0":"post-68846","1":"post","2":"type-post","3":"status-publish","4":"format-standard","5":"has-post-thumbnail","7":"category-policiales"},"amp_enabled":true,"_links":{"self":[{"href":"https:\/\/www.todoeldia.com\/index.php\/wp-json\/wp\/v2\/posts\/68846","targetHints":{"allow":["GET"]}}],"collection":[{"href":"https:\/\/www.todoeldia.com\/index.php\/wp-json\/wp\/v2\/posts"}],"about":[{"href":"https:\/\/www.todoeldia.com\/index.php\/wp-json\/wp\/v2\/types\/post"}],"author":[{"embeddable":true,"href":"https:\/\/www.todoeldia.com\/index.php\/wp-json\/wp\/v2\/users\/2"}],"replies":[{"embeddable":true,"href":"https:\/\/www.todoeldia.com\/index.php\/wp-json\/wp\/v2\/comments?post=68846"}],"version-history":[{"count":2,"href":"https:\/\/www.todoeldia.com\/index.php\/wp-json\/wp\/v2\/posts\/68846\/revisions"}],"predecessor-version":[{"id":68848,"href":"https:\/\/www.todoeldia.com\/index.php\/wp-json\/wp\/v2\/posts\/68846\/revisions\/68848"}],"wp:featuredmedia":[{"embeddable":true,"href":"https:\/\/www.todoeldia.com\/index.php\/wp-json\/wp\/v2\/media\/68854"}],"wp:attachment":[{"href":"https:\/\/www.todoeldia.com\/index.php\/wp-json\/wp\/v2\/media?parent=68846"}],"wp:term":[{"taxonomy":"category","embeddable":true,"href":"https:\/\/www.todoeldia.com\/index.php\/wp-json\/wp\/v2\/categories?post=68846"},{"taxonomy":"post_tag","embeddable":true,"href":"https:\/\/www.todoeldia.com\/index.php\/wp-json\/wp\/v2\/tags?post=68846"}],"curies":[{"name":"wp","href":"https:\/\/api.w.org\/{rel}","templated":true}]}}