{"id":68849,"date":"2023-11-30T18:39:13","date_gmt":"2023-11-30T21:39:13","guid":{"rendered":"https:\/\/www.todoeldia.com\/?p=68849"},"modified":"2023-11-30T18:39:16","modified_gmt":"2023-11-30T21:39:16","slug":"macri-y-riquelme-no-se-pusieron-de-acuerdo-y-el-domingo-no-habra-elecciones","status":"publish","type":"post","link":"https:\/\/www.todoeldia.com\/index.php\/2023\/11\/30\/macri-y-riquelme-no-se-pusieron-de-acuerdo-y-el-domingo-no-habra-elecciones\/","title":{"rendered":"Macri y Riquelme no se pusieron de acuerdo y el domingo no habr\u00e1 elecciones"},"content":{"rendered":"\n<p>La jueza Abrevaya, quien tom\u00f3 la decisi\u00f3n de frenar el acto electoral, convoc\u00f3 a las dos partes para este jueves con el objetivo de pulir diferencias y establecer una nueva fecha para los comicios.<\/p>\n\n\n\n<p>Luego de la denuncia judicial de Andr\u00e9s Ibarra por irregularidades en el padr\u00f3n, la jueza Alejandra Abrevaya tom\u00f3 la decisi\u00f3n de suspender las elecciones en Boca. En ese sentido, la magistrada convoc\u00f3 para este jueves a las 12 del mediod\u00eda en el juzgado civil n\u00famero 11 una conciliaci\u00f3n entre el oficialismo encabezado por Juan Rom\u00e1n Riquelme y la oposici\u00f3n para encauzar el conflicto y que se vote este domingo.<\/p>\n\n\n\n<p>1) Elecciones en Boca: cu\u00e1l es la postura de la oposici\u00f3n<\/p>\n\n\n\n<p>\u201cQueremos votar el 3 de diciembre. Ese es el objetivo. Nos hemos preparado con una plataforma de primer mundo para darle al socio de Boca lo que se merece. Estamos listos para competir en elecciones claras, sin esos 13 mil socios que pasaron a activo de manera irregular\u201d, detall\u00f3 Andr\u00e9s Ibarra en una entrevista para TyC Sports.<\/p>\n\n\n\n<p>2) Elecciones en Boca: cu\u00e1l es la postura del oficialismo<\/p>\n\n\n\n<p>\u201cEsperemos que el domingo podamos tener la fiesta que queremos. Que ma\u00f1ana (por hoy) la jueza diga que podemos votar. Lo \u00fanico que no se pueden tocar son los hinchas. Les quieren sacar el coraz\u00f3n. Quieren llevar al estadio a una cuadra. Si se va, perdemos la historia\u201d, explic\u00f3 Juan Rom\u00e1n Riquelme en conferencia de prensa.<\/p>\n\n\n\n<figure class=\"wp-block-image size-large\"><img loading=\"lazy\" decoding=\"async\" width=\"1024\" height=\"573\" src=\"https:\/\/www.todoeldia.com\/wp-content\/uploads\/2023\/11\/image-183-1024x573.png\" alt=\"\" class=\"wp-image-68851\" srcset=\"https:\/\/www.todoeldia.com\/wp-content\/uploads\/2023\/11\/image-183-1024x573.png 1024w, https:\/\/www.todoeldia.com\/wp-content\/uploads\/2023\/11\/image-183-300x168.png 300w, https:\/\/www.todoeldia.com\/wp-content\/uploads\/2023\/11\/image-183-768x430.png 768w, https:\/\/www.todoeldia.com\/wp-content\/uploads\/2023\/11\/image-183-696x390.png 696w, https:\/\/www.todoeldia.com\/wp-content\/uploads\/2023\/11\/image-183-1068x598.png 1068w, https:\/\/www.todoeldia.com\/wp-content\/uploads\/2023\/11\/image-183-750x420.png 750w, https:\/\/www.todoeldia.com\/wp-content\/uploads\/2023\/11\/image-183.png 1440w\" sizes=\"auto, (max-width: 1024px) 100vw, 1024px\" \/><\/figure>\n\n\n\n<p>3) Elecciones en Boca: qu\u00e9 se discutir\u00e1 en la conciliaci\u00f3n<\/p>\n\n\n\n<p>La discusi\u00f3n est\u00e1 dada en principio sobre 13.364 socios que se pasaron de adherentes a activos entre agosto y noviembre de 2021, en el filo del cierre del padr\u00f3n electoral. Y, que solo 4.100 fueron asociados como adherentes y pueden votar despu\u00e9s pasados a activos durante la presente gesti\u00f3n en el ese tiempo denunciado.<\/p>\n\n\n\n<p>Es decir que, por estas horas discuten proponer que los comicios se lleven adelante el domingo y que esos 4.100 socios voten en tres mesas separadas del resto; si quien gana lo hace por un n\u00famero mayor de votos, no afectar\u00e1 al resultado final.<\/p>\n\n\n\n<p>En cambio, si la f\u00f3rmula vencedora se consagrara por menos de 4.100, quedar\u00eda a la espera de la resoluci\u00f3n judicial.<\/p>\n\n\n\n<p>4) Elecciones en Boca: si no se vota el domingo: \u00bfcu\u00e1ndo podr\u00eda votarse?<\/p>\n\n\n\n<p>A la espera de la resoluci\u00f3n judicial, el s\u00e1bado 16 y el domingo 17 de diciembre aparecen como dos probables fechas para llevar adelante las elecciones en Boca, debido a que el fin de semana del 10 qued\u00f3 descartado por la asunci\u00f3n de Javier Milei. Si hubiera apelaciones, podr\u00eda postergarse para dentro de tres meses.<\/p>\n\n\n\n<figure class=\"wp-block-image size-large\"><img loading=\"lazy\" decoding=\"async\" width=\"1024\" height=\"573\" src=\"https:\/\/www.todoeldia.com\/wp-content\/uploads\/2023\/11\/image-182-1024x573.png\" alt=\"\" class=\"wp-image-68850\" srcset=\"https:\/\/www.todoeldia.com\/wp-content\/uploads\/2023\/11\/image-182-1024x573.png 1024w, https:\/\/www.todoeldia.com\/wp-content\/uploads\/2023\/11\/image-182-300x168.png 300w, https:\/\/www.todoeldia.com\/wp-content\/uploads\/2023\/11\/image-182-768x430.png 768w, https:\/\/www.todoeldia.com\/wp-content\/uploads\/2023\/11\/image-182-696x390.png 696w, https:\/\/www.todoeldia.com\/wp-content\/uploads\/2023\/11\/image-182-1068x598.png 1068w, https:\/\/www.todoeldia.com\/wp-content\/uploads\/2023\/11\/image-182-750x420.png 750w, https:\/\/www.todoeldia.com\/wp-content\/uploads\/2023\/11\/image-182.png 1440w\" sizes=\"auto, (max-width: 1024px) 100vw, 1024px\" \/><\/figure>\n\n\n\n<p>5) Elecciones en Boca: qu\u00e9 pasa si no hay conciliaci\u00f3n<\/p>\n\n\n\n<p>Boca apelar\u00e1 la medida cautelar y eso llevar\u00e1 que todo el proceso tenga que definirlo la C\u00e1mara Civil. Que si revoca la decisi\u00f3n podr\u00eda fijar nueva fecha para el 17 de diciembre. Pero si la confirma, no habr\u00eda elecciones hasta que la jueza tome la decisi\u00f3n de fondo sobre los 13.364 socios en cuesti\u00f3n.<\/p>\n\n\n\n<p>La otra opci\u00f3n ser\u00eda que la Inspecci\u00f3n General de Justicia, que es el ente que regula las asociaciones civiles, ante la presentaci\u00f3n de alguna de las partes declare ac\u00e9falo al club y lo intervenga hasta que se produzca el acto electoral.<\/p>\n","protected":false},"excerpt":{"rendered":"<p>La jueza Abrevaya, quien tom\u00f3 la decisi\u00f3n de frenar el acto electoral, convoc\u00f3 a las dos partes para este jueves con el objetivo de pulir diferencias y establecer una nueva fecha para los comicios. Luego de la denuncia judicial de Andr\u00e9s Ibarra por irregularidades en el padr\u00f3n, la jueza Alejandra Abrevaya tom\u00f3 la decisi\u00f3n de [&hellip;]<\/p>\n","protected":false},"author":2,"featured_media":68852,"comment_status":"open","ping_status":"open","sticky":false,"template":"","format":"standard","meta":{"tdm_status":"","tdm_grid_status":"","_joinchat":[],"footnotes":""},"categories":[62],"tags":[],"class_list":{"0":"post-68849","1":"post","2":"type-post","3":"status-publish","4":"format-standard","5":"has-post-thumbnail","7":"category-deportes"},"amp_enabled":true,"_links":{"self":[{"href":"https:\/\/www.todoeldia.com\/index.php\/wp-json\/wp\/v2\/posts\/68849","targetHints":{"allow":["GET"]}}],"collection":[{"href":"https:\/\/www.todoeldia.com\/index.php\/wp-json\/wp\/v2\/posts"}],"about":[{"href":"https:\/\/www.todoeldia.com\/index.php\/wp-json\/wp\/v2\/types\/post"}],"author":[{"embeddable":true,"href":"https:\/\/www.todoeldia.com\/index.php\/wp-json\/wp\/v2\/users\/2"}],"replies":[{"embeddable":true,"href":"https:\/\/www.todoeldia.com\/index.php\/wp-json\/wp\/v2\/comments?post=68849"}],"version-history":[{"count":1,"href":"https:\/\/www.todoeldia.com\/index.php\/wp-json\/wp\/v2\/posts\/68849\/revisions"}],"predecessor-version":[{"id":68853,"href":"https:\/\/www.todoeldia.com\/index.php\/wp-json\/wp\/v2\/posts\/68849\/revisions\/68853"}],"wp:featuredmedia":[{"embeddable":true,"href":"https:\/\/www.todoeldia.com\/index.php\/wp-json\/wp\/v2\/media\/68852"}],"wp:attachment":[{"href":"https:\/\/www.todoeldia.com\/index.php\/wp-json\/wp\/v2\/media?parent=68849"}],"wp:term":[{"taxonomy":"category","embeddable":true,"href":"https:\/\/www.todoeldia.com\/index.php\/wp-json\/wp\/v2\/categories?post=68849"},{"taxonomy":"post_tag","embeddable":true,"href":"https:\/\/www.todoeldia.com\/index.php\/wp-json\/wp\/v2\/tags?post=68849"}],"curies":[{"name":"wp","href":"https:\/\/api.w.org\/{rel}","templated":true}]}}