{"id":68868,"date":"2023-11-30T19:57:20","date_gmt":"2023-11-30T22:57:20","guid":{"rendered":"https:\/\/www.todoeldia.com\/?p=68868"},"modified":"2023-11-30T19:57:22","modified_gmt":"2023-11-30T22:57:22","slug":"10-anos-de-prision-por-pegarle-con-un-martillo-en-la-cabeza-a-su-ex-pareja-en-su-vivienda-en-metan","status":"publish","type":"post","link":"https:\/\/www.todoeldia.com\/index.php\/2023\/11\/30\/10-anos-de-prision-por-pegarle-con-un-martillo-en-la-cabeza-a-su-ex-pareja-en-su-vivienda-en-metan\/","title":{"rendered":"10 a\u00f1os de prisi\u00f3n por pegarle con un martillo en la cabeza a su ex pareja en su vivienda en Metan"},"content":{"rendered":"\n<p>El hecho ocurri\u00f3 en octubre de 2022, cuando el acusado agredi\u00f3 a la mujer con la que mantuvo una relaci\u00f3n de pareja, caus\u00e1ndole lesiones.<\/p>\n\n\n\n<p>El fiscal penal 2 de Met\u00e1n, Gonzalo G\u00f3mez Amado, represent\u00f3 al Ministerio P\u00fablico Fiscal ante la Sala II del Tribunal de Juicio de ese distrito, en la audiencia de debate contra Jorge Lorenzo Avenda\u00f1o como autor del delito de tentativa de homicidio agravado en perjuicio de una mujer de 42 a\u00f1os con la que mantuvo una relaci\u00f3n de pareja.<\/p>\n\n\n\n<p>La denuncia fue realizada por la damnificada en octubre de 2022, donde relata que mantuvo una relaci\u00f3n de pareja de cinco a\u00f1os con el acusado, sin hijos en com\u00fan, que se encontraban separados hac\u00eda ya dos a\u00f1os y que oportunamente hab\u00eda solicitado su exclusi\u00f3n del hogar.<\/p>\n\n\n\n<p>El d\u00eda del hecho, cuando la mujer regres\u00f3 a su domicilio, encontr\u00f3 al acusado en el interior de la vivienda y que luego de insultarla, la agredi\u00f3 con golpes de pu\u00f1o y con un martillo, provoc\u00e1ndole lesiones en la zona de la cabeza, las que fueron constatadas por el m\u00e9dico legal.<\/p>\n\n\n\n<p>La intervenci\u00f3n de los vecinos hizo que llegara personal policial para su asistencia y la demora del acusado en las inmediaciones.<\/p>\n\n\n\n<p>La jueza Carolina Poma Salvadores en su veredicto dado a conocer este jueves, le impuso el cumplimiento de una pena de 10 a\u00f1os de prisi\u00f3n efectiva.<\/p>\n","protected":false},"excerpt":{"rendered":"<p>El hecho ocurri\u00f3 en octubre de 2022, cuando el acusado agredi\u00f3 a la mujer con la que mantuvo una relaci\u00f3n de pareja, caus\u00e1ndole lesiones. El fiscal penal 2 de Met\u00e1n, Gonzalo G\u00f3mez Amado, represent\u00f3 al Ministerio P\u00fablico Fiscal ante la Sala II del Tribunal de Juicio de ese distrito, en la audiencia de debate contra [&hellip;]<\/p>\n","protected":false},"author":2,"featured_media":46856,"comment_status":"open","ping_status":"open","sticky":false,"template":"","format":"standard","meta":{"tdm_status":"","tdm_grid_status":"","_joinchat":[],"footnotes":""},"categories":[63],"tags":[],"class_list":{"0":"post-68868","1":"post","2":"type-post","3":"status-publish","4":"format-standard","5":"has-post-thumbnail","7":"category-policiales"},"amp_enabled":true,"_links":{"self":[{"href":"https:\/\/www.todoeldia.com\/index.php\/wp-json\/wp\/v2\/posts\/68868","targetHints":{"allow":["GET"]}}],"collection":[{"href":"https:\/\/www.todoeldia.com\/index.php\/wp-json\/wp\/v2\/posts"}],"about":[{"href":"https:\/\/www.todoeldia.com\/index.php\/wp-json\/wp\/v2\/types\/post"}],"author":[{"embeddable":true,"href":"https:\/\/www.todoeldia.com\/index.php\/wp-json\/wp\/v2\/users\/2"}],"replies":[{"embeddable":true,"href":"https:\/\/www.todoeldia.com\/index.php\/wp-json\/wp\/v2\/comments?post=68868"}],"version-history":[{"count":1,"href":"https:\/\/www.todoeldia.com\/index.php\/wp-json\/wp\/v2\/posts\/68868\/revisions"}],"predecessor-version":[{"id":68869,"href":"https:\/\/www.todoeldia.com\/index.php\/wp-json\/wp\/v2\/posts\/68868\/revisions\/68869"}],"wp:featuredmedia":[{"embeddable":true,"href":"https:\/\/www.todoeldia.com\/index.php\/wp-json\/wp\/v2\/media\/46856"}],"wp:attachment":[{"href":"https:\/\/www.todoeldia.com\/index.php\/wp-json\/wp\/v2\/media?parent=68868"}],"wp:term":[{"taxonomy":"category","embeddable":true,"href":"https:\/\/www.todoeldia.com\/index.php\/wp-json\/wp\/v2\/categories?post=68868"},{"taxonomy":"post_tag","embeddable":true,"href":"https:\/\/www.todoeldia.com\/index.php\/wp-json\/wp\/v2\/tags?post=68868"}],"curies":[{"name":"wp","href":"https:\/\/api.w.org\/{rel}","templated":true}]}}