{"id":68879,"date":"2023-11-30T23:51:28","date_gmt":"2023-12-01T02:51:28","guid":{"rendered":"https:\/\/www.todoeldia.com\/?p=68879"},"modified":"2023-11-30T23:51:30","modified_gmt":"2023-12-01T02:51:30","slug":"chiche-gelblung-se-encuentra-internado-y-recibio-la-visita-de-javier-milei","status":"publish","type":"post","link":"https:\/\/www.todoeldia.com\/index.php\/2023\/11\/30\/chiche-gelblung-se-encuentra-internado-y-recibio-la-visita-de-javier-milei\/","title":{"rendered":"Chiche Gelblung se encuentra internado y recibi\u00f3 la visita de Javier Milei"},"content":{"rendered":"\n<p>A los 79 a\u00f1os, el periodista tuvo que ser hospitalizado desde hace tres d\u00edas por una insuficiencia renal. Teleshow tuvo acceso a los detalles sobre su estado de salud.<\/p>\n\n\n\n<p>En la tarde de este jueves se conoci\u00f3 la noticia que Chiche Gelblung tuvo que ser internado de urgencia en el Sanatorio Mater Dei. Seg\u00fan fuentes cercanas al periodista, le informaron a Infobae que Chiche hab\u00eda recibido la visita del presidente electo, Javier Milei.<\/p>\n\n\n\n<p>De acuerdo a lo que pudo saber este medio de parte de allegados al conductor, Gelblung se hab\u00eda realizado unos estudios m\u00e9dicos porque se sent\u00eda muy d\u00e9bil. Como los par\u00e1metros salieron mal, debieron internarlo para estabilizar su situaci\u00f3n de salud. Esto ocurri\u00f3 hace tres d\u00edas atr\u00e1s por un problema de insuficiencia renal. En la noche de este jueves, su c\u00edrculo \u00edntimo le cont\u00f3 a Infobae que los m\u00e9dicos est\u00e1n esperando que le suban los gl\u00f3bulos rojos para poder estabilizar su cuadro.<\/p>\n\n\n\n<p>El encuentro con el presidente electo de La Libertad Avanza se produjo por intermedio de la abogada de Chiche, Valeria Carreras. En di\u00e1logo con Teleshow, la letrada dio detalles de la visita del futuro mandatario. \u201cComo s\u00e9 del afecto mutuo que existe entre Chiche y Javier, se me ocurri\u00f3 llamarlo a Milei para informarle que estaba internado\u201d, comenz\u00f3 relatando la abogada del periodista. \u201cAs\u00ed fue como el l\u00edder de La Libertad Avanza se comunic\u00f3 con Cristina, la esposa de Gelblung y se gener\u00f3 el encuentro entre ambos. Estuvieron charlando a solas, Chiche estaba alegre con la imprevista visita\u201d, revel\u00f3 a este medio.<\/p>\n\n\n\n<p>Cabe recordar que hace poco menos de dos meses, en septiembre pasado, Gelblung hab\u00eda renunciado al programa Pol\u00e9mica en el Bar, por Am\u00e9rica, donde compart\u00eda la hist\u00f3rica mesa con otros periodistas, comandada por Marcela Tinayre. En ese momento, en Socios del Espect\u00e1culo, Rodrigo Lussich y Adri\u00e1n Pallares hab\u00edan confirmado el rumor que ven\u00eda dando vueltas desde hac\u00eda d\u00edas y que aseguraba que el legendario periodista hab\u00eda decidido bajarse del ciclo producido por Gustavo Sofovich, en el que ocup\u00f3 un lugar destacado durante los \u00faltimos a\u00f1os. Y, sobre los motivos de su determinaci\u00f3n, aseguraron que hab\u00eda problemas de horarios pero tambi\u00e9n algunos desencuentros con el equipo que actualmente integra la m\u00edtica mesa.<\/p>\n\n\n\n<p>Este a\u00f1o, el 8 de marzo, Chiche tambi\u00e9n tuvo una complicaci\u00f3n con su salud. En aquel momento, debi\u00f3 ser internado de urgencia debido a una infecci\u00f3n. Seg\u00fan hab\u00edan informado en Intrusos (Am\u00e9rica), el periodista ten\u00eda algunas l\u00edneas de fiebre, pero se encontraba estable y esperaba recibir el alta de manera temprana. Gelblung ten\u00eda pautada una entrevista con dicho programa, que naturalmente debi\u00f3 cancelarse, y por ese motivo se conoci\u00f3 la informaci\u00f3n de su cuadro.<\/p>\n\n\n\n<p>&nbsp;\u201cChiche est\u00e1 bien. Fue internado en Los Arcos durante la madrugada por un cuadro febril. Ya no tiene temperatura y recibir\u00e1 el alta en las pr\u00f3ximas horas\u201d, le dijeron a Teleshow desde el entorno familiar del periodista. Adem\u00e1s, agradecieron la preocupaci\u00f3n en relaci\u00f3n a su cuadro y pidieron prudencia respecto a las diferentes versiones que estaban circulando.<\/p>\n","protected":false},"excerpt":{"rendered":"<p>A los 79 a\u00f1os, el periodista tuvo que ser hospitalizado desde hace tres d\u00edas por una insuficiencia renal. Teleshow tuvo acceso a los detalles sobre su estado de salud. En la tarde de este jueves se conoci\u00f3 la noticia que Chiche Gelblung tuvo que ser internado de urgencia en el Sanatorio Mater Dei. Seg\u00fan fuentes [&hellip;]<\/p>\n","protected":false},"author":2,"featured_media":68880,"comment_status":"open","ping_status":"open","sticky":false,"template":"","format":"standard","meta":{"tdm_status":"","tdm_grid_status":"","_joinchat":[],"footnotes":""},"categories":[59],"tags":[],"class_list":{"0":"post-68879","1":"post","2":"type-post","3":"status-publish","4":"format-standard","5":"has-post-thumbnail","7":"category-politica"},"amp_enabled":true,"_links":{"self":[{"href":"https:\/\/www.todoeldia.com\/index.php\/wp-json\/wp\/v2\/posts\/68879","targetHints":{"allow":["GET"]}}],"collection":[{"href":"https:\/\/www.todoeldia.com\/index.php\/wp-json\/wp\/v2\/posts"}],"about":[{"href":"https:\/\/www.todoeldia.com\/index.php\/wp-json\/wp\/v2\/types\/post"}],"author":[{"embeddable":true,"href":"https:\/\/www.todoeldia.com\/index.php\/wp-json\/wp\/v2\/users\/2"}],"replies":[{"embeddable":true,"href":"https:\/\/www.todoeldia.com\/index.php\/wp-json\/wp\/v2\/comments?post=68879"}],"version-history":[{"count":1,"href":"https:\/\/www.todoeldia.com\/index.php\/wp-json\/wp\/v2\/posts\/68879\/revisions"}],"predecessor-version":[{"id":68881,"href":"https:\/\/www.todoeldia.com\/index.php\/wp-json\/wp\/v2\/posts\/68879\/revisions\/68881"}],"wp:featuredmedia":[{"embeddable":true,"href":"https:\/\/www.todoeldia.com\/index.php\/wp-json\/wp\/v2\/media\/68880"}],"wp:attachment":[{"href":"https:\/\/www.todoeldia.com\/index.php\/wp-json\/wp\/v2\/media?parent=68879"}],"wp:term":[{"taxonomy":"category","embeddable":true,"href":"https:\/\/www.todoeldia.com\/index.php\/wp-json\/wp\/v2\/categories?post=68879"},{"taxonomy":"post_tag","embeddable":true,"href":"https:\/\/www.todoeldia.com\/index.php\/wp-json\/wp\/v2\/tags?post=68879"}],"curies":[{"name":"wp","href":"https:\/\/api.w.org\/{rel}","templated":true}]}}