{"id":68882,"date":"2023-12-01T00:05:23","date_gmt":"2023-12-01T03:05:23","guid":{"rendered":"https:\/\/www.todoeldia.com\/?p=68882"},"modified":"2023-12-01T00:05:27","modified_gmt":"2023-12-01T03:05:27","slug":"gobernadores-entre-ellos-saenz-judicializaran-la-eliminacion-de-ganancias-no-vamos-a-permitir-que-metan-la-mano-en-la-caja","status":"publish","type":"post","link":"https:\/\/www.todoeldia.com\/index.php\/2023\/12\/01\/gobernadores-entre-ellos-saenz-judicializaran-la-eliminacion-de-ganancias-no-vamos-a-permitir-que-metan-la-mano-en-la-caja\/","title":{"rendered":"Gobernadores entre ellos S\u00e1enz judicializar\u00e1n la eliminaci\u00f3n de Ganancias: \u201cNo vamos a permitir que metan la mano en la caja\u201d"},"content":{"rendered":"\n<p>En el programa \u201cA dos Voces\u201d, por TN, seis mandatarios provinciales reconocieron dificultades para afrontar compromisos de corto plazo, defendieron la obra p\u00fablica y garantizaron la gobernabilidad de Javier Milei.<\/p>\n\n\n\n<p>Los gobernadores de Santa Fe, Maximiliano Pullaro; de C\u00f3rdoba, Mart\u00edn Llaryora; de Chubut, Ignacio Torres; de Salta, Gustavo S\u00e1enz; de Entre R\u00edos, Rogelio Frigerio, y de Catamarca, Ra\u00fal Jalil, reconocieron dificultades para afrontar compromisos de corto plazo por la quita de Ganancias y advirtieron que la compensaci\u00f3n prometida por Sergio Massa \u201ces parcial\u201d. \u201cVamos a pedir a la Corte Suprema de Justicia que siente posici\u00f3n\u201d, anticip\u00f3 el chubutense.<\/p>\n\n\n\n<p>Tras las reuniones que mantuvieron en las \u00faltimas horas con el ministro de Econom\u00eda y con el futuro ministro del Interior, Guillermo Francos, los mandatarios provinciales hablaron en A Dos Voces, por TN, y ratificaron que garantizar\u00e1n la gobernabilidad de Javier Milei, pero advirtieron que defender\u00e1n los intereses de sus provincias.<\/p>\n\n\n\n<p>&nbsp;\u201cVamos a trabajar para defender a nuestras provincias. No voy a permitir que a Santa Fe le metan la mano en la caja\u201d, advirti\u00f3 el gobernador electo de esa provincia.<\/p>\n\n\n\n<p>Los seis mandatarios aseguraron tambi\u00e9n que deber\u00e1n ordenar las cuentas locales, pero defendieron la obra p\u00fablica.<\/p>\n\n\n\n<p>Gobernabilidad, pero condicionamiento a una agenda federal<\/p>\n\n\n\n<p>Los seis mandatarios provinciales se mostraron dispuestos a dialogar con el Gobierno electo y aseguraron que trabajar\u00e1n para dar gobernabilidad, pero advirtieron que tambi\u00e9n lo har\u00e1n para que prime una mirada federal.<\/p>\n\n\n\n<p>\u201cNuestro rol no es de gobernar, pero vamos a acompa\u00f1ar. Lo que tenemos que hacer es no poner palos en las ruedas. Vamos a acompa\u00f1ar, tenemos que apoyar, pero cuidar los intereses de la Argentina. Cada uno de los gobernadores vamos a defender los intereses de las provincias, pero tenemos que estar a la altura para acompa\u00f1ar a Javier Milei\u201d, dijo Llaryora.<\/p>\n\n\n\n<p>Jalil coincidi\u00f3 en que \u201cel di\u00e1logo es el camino\u201d. Estamos dispuestos a colaborar, pero nosotros entendemos que no nos han elegido para cogobernar\u201d, aclar\u00f3 por su parte Frigerio. Y agreg\u00f3: \u201cNecesitamos que a Milei le vaya muy bien y vamos a trabajar para dar gobernabilidad a una gesti\u00f3n muy d\u00e9bil\u201d.<\/p>\n\n\n\n<p>\u201cTenemos la responsabilidad c\u00edvica y democr\u00e1tica de acompa\u00f1ar al gobierno y acompa\u00f1ar las leyes y ah\u00ed nos sentaremos al di\u00e1logo\u201d, plante\u00f3 S\u00e1enz, mientras que, para Torres, la que se abre \u201ces una oportunidad hist\u00f3rica de tener una agenda federal\u201d, y agreg\u00f3 que \u201cMilei va a ser el presidente m\u00e1s condicionado de la historia\u201d y que por eso necesita del acompa\u00f1amiento de los gobernadores.<\/p>\n\n\n\n<p>No obstante, S\u00e1enz cuestion\u00f3 la interna entre La Libertad Avanza y JxC. \u201cMilei est\u00e1 en un per\u00edodo de mucha presi\u00f3n. Cuando se ve la discusi\u00f3n por los cargos se ve lo que la gente no quiere. Los enojados y los esperanzados est\u00e1n esperando el plan econ\u00f3mico de Milei, ver un Presidente que les dice qu\u00e9 va a pasar, porque hay mucha incertidumbre\u201d, sostuvo.<\/p>\n","protected":false},"excerpt":{"rendered":"<p>En el programa \u201cA dos Voces\u201d, por TN, seis mandatarios provinciales reconocieron dificultades para afrontar compromisos de corto plazo, defendieron la obra p\u00fablica y garantizaron la gobernabilidad de Javier Milei. Los gobernadores de Santa Fe, Maximiliano Pullaro; de C\u00f3rdoba, Mart\u00edn Llaryora; de Chubut, Ignacio Torres; de Salta, Gustavo S\u00e1enz; de Entre R\u00edos, Rogelio Frigerio, y [&hellip;]<\/p>\n","protected":false},"author":2,"featured_media":68883,"comment_status":"open","ping_status":"open","sticky":false,"template":"","format":"standard","meta":{"tdm_status":"","tdm_grid_status":"","_joinchat":[],"footnotes":""},"categories":[59],"tags":[],"class_list":{"0":"post-68882","1":"post","2":"type-post","3":"status-publish","4":"format-standard","5":"has-post-thumbnail","7":"category-politica"},"amp_enabled":true,"_links":{"self":[{"href":"https:\/\/www.todoeldia.com\/index.php\/wp-json\/wp\/v2\/posts\/68882","targetHints":{"allow":["GET"]}}],"collection":[{"href":"https:\/\/www.todoeldia.com\/index.php\/wp-json\/wp\/v2\/posts"}],"about":[{"href":"https:\/\/www.todoeldia.com\/index.php\/wp-json\/wp\/v2\/types\/post"}],"author":[{"embeddable":true,"href":"https:\/\/www.todoeldia.com\/index.php\/wp-json\/wp\/v2\/users\/2"}],"replies":[{"embeddable":true,"href":"https:\/\/www.todoeldia.com\/index.php\/wp-json\/wp\/v2\/comments?post=68882"}],"version-history":[{"count":1,"href":"https:\/\/www.todoeldia.com\/index.php\/wp-json\/wp\/v2\/posts\/68882\/revisions"}],"predecessor-version":[{"id":68884,"href":"https:\/\/www.todoeldia.com\/index.php\/wp-json\/wp\/v2\/posts\/68882\/revisions\/68884"}],"wp:featuredmedia":[{"embeddable":true,"href":"https:\/\/www.todoeldia.com\/index.php\/wp-json\/wp\/v2\/media\/68883"}],"wp:attachment":[{"href":"https:\/\/www.todoeldia.com\/index.php\/wp-json\/wp\/v2\/media?parent=68882"}],"wp:term":[{"taxonomy":"category","embeddable":true,"href":"https:\/\/www.todoeldia.com\/index.php\/wp-json\/wp\/v2\/categories?post=68882"},{"taxonomy":"post_tag","embeddable":true,"href":"https:\/\/www.todoeldia.com\/index.php\/wp-json\/wp\/v2\/tags?post=68882"}],"curies":[{"name":"wp","href":"https:\/\/api.w.org\/{rel}","templated":true}]}}