{"id":68891,"date":"2023-12-01T10:29:06","date_gmt":"2023-12-01T13:29:06","guid":{"rendered":"https:\/\/www.todoeldia.com\/?p=68891"},"modified":"2023-12-01T10:29:08","modified_gmt":"2023-12-01T13:29:08","slug":"le-apagaba-los-cigarrillos-en-los-brazos-a-su-ex-pareja-la-golpeo-le-mordio-la-pierna-y-quedo-libre","status":"publish","type":"post","link":"https:\/\/www.todoeldia.com\/index.php\/2023\/12\/01\/le-apagaba-los-cigarrillos-en-los-brazos-a-su-ex-pareja-la-golpeo-le-mordio-la-pierna-y-quedo-libre\/","title":{"rendered":"Le apagaba los cigarrillos en los brazos a su ex pareja, la golpe\u00f3, le mordio la pierna y quedo libre"},"content":{"rendered":"\n<p>El 23 de octubre pasado una mujer concurri\u00f3 a la comisar\u00eda para radicar denuncia en contra de su expareja. Cont\u00f3 que desde el d\u00eda anterior estaban discutiendo, y que esa tarde en varias ocasiones le apag\u00f3 el cigarrillo en el brazo y la mordi\u00f3 en la pierna, situaciones que no se anim\u00f3 a evitar ya que es muy agresivo.<\/p>\n\n\n\n<p>M\u00e1s tarde la mujer vio un mensaje en el celular del acusado y cuando le reclam\u00f3 y le dijo que se retire de su casa \u00e9l se alter\u00f3, la agarr\u00f3 del brazo y comenz\u00f3 a doblarle los dedos y a golpearla. En ese momento su hijo de 6 a\u00f1os agarr\u00f3 un palo de escoba y le peg\u00f3 para defenderla del ataque. Ella aprovech\u00f3 para salir corriendo y el hombre agarr\u00f3 un cuchillo con el que intent\u00f3 agredirlos mientras los amenazaba.<\/p>\n\n\n\n<figure class=\"wp-block-image size-full is-resized\"><img loading=\"lazy\" decoding=\"async\" width=\"640\" height=\"480\" src=\"https:\/\/www.todoeldia.com\/wp-content\/uploads\/2023\/12\/image-1.png\" alt=\"\" class=\"wp-image-68892\" style=\"width:914px;height:auto\" srcset=\"https:\/\/www.todoeldia.com\/wp-content\/uploads\/2023\/12\/image-1.png 640w, https:\/\/www.todoeldia.com\/wp-content\/uploads\/2023\/12\/image-1-300x225.png 300w, https:\/\/www.todoeldia.com\/wp-content\/uploads\/2023\/12\/image-1-560x420.png 560w, https:\/\/www.todoeldia.com\/wp-content\/uploads\/2023\/12\/image-1-80x60.png 80w, https:\/\/www.todoeldia.com\/wp-content\/uploads\/2023\/12\/image-1-265x198.png 265w\" sizes=\"auto, (max-width: 640px) 100vw, 640px\" \/><\/figure>\n\n\n\n<p>Su hijo comenz\u00f3 a gritar y ella se desmay\u00f3. Una vecina que se desempe\u00f1a como personal policial escuch\u00f3 los gritos y dio aviso al Sistema de Emergencias 911.<\/p>\n\n\n\n<p>\u00c9l fue detenido, y la fiscal\u00eda solicit\u00f3 su prisi\u00f3n preventiva, por lo que se dio intervenci\u00f3n a la Oficina de Gesti\u00f3n Judicial de Garant\u00edas (OfiJu), que fij\u00f3 una audiencia flexible y multiprop\u00f3sito en el marco del plan piloto de oralidad, que se llev\u00f3 a cabo el 22 de noviembre pasado.<\/p>\n\n\n\n<p>Las partes expusieron a la jueza de Garant\u00edas 1, Ada Zunino, que hab\u00edan llegado a un acuerdo de juicio abreviado. En ese contexto, el hombre de 30 a\u00f1os fue condenado por ser autor de los delitos de lesiones leves agravadas por la relaci\u00f3n de pareja y por el g\u00e9nero, lesiones leves y amenazas con armas en concurso real, y cumplir\u00e1 la pena de dos a\u00f1os de prisi\u00f3n de ejecuci\u00f3n condicional.<\/p>\n\n\n\n<p>Durante ese tiempo deber\u00e1 fijar domicilio y comunicar cualquier cambio. Tendr\u00e1 prohibido de manera absoluta mantener cualquier contacto por todo medio y ejercer actos violencia f\u00edsica o psicol\u00f3gica en perjuicio de la v\u00edctima y su hijo. Tampoco podr\u00e1 acercarse a ellos en un radio de doscientos metros.&nbsp; No podr\u00e1 usar estupefacientes ni abusar del consumo de bebidas alcoh\u00f3licas. Tambi\u00e9n deber\u00e1 someterse al cuidado del Programa de Inserci\u00f3n Social para Liberados de la Provincia. Finalmente deber\u00e1 realizar tratamiento psicol\u00f3gico, previo informe que acredite su necesidad y eficacia en el Programa de Agresores de la Procuraci\u00f3n General.<\/p>\n\n\n\n<p>En caso de incumplir alguna de estas reglas de conducta podr\u00eda revocarse la condicionalidad de la pena impuesta. Finalizada la audiencia recuper\u00f3 su libertad.<\/p>\n","protected":false},"excerpt":{"rendered":"<p>El 23 de octubre pasado una mujer concurri\u00f3 a la comisar\u00eda para radicar denuncia en contra de su expareja. Cont\u00f3 que desde el d\u00eda anterior estaban discutiendo, y que esa tarde en varias ocasiones le apag\u00f3 el cigarrillo en el brazo y la mordi\u00f3 en la pierna, situaciones que no se anim\u00f3 a evitar ya [&hellip;]<\/p>\n","protected":false},"author":2,"featured_media":65852,"comment_status":"open","ping_status":"open","sticky":false,"template":"","format":"standard","meta":{"tdm_status":"","tdm_grid_status":"","_joinchat":[],"footnotes":""},"categories":[63],"tags":[],"class_list":{"0":"post-68891","1":"post","2":"type-post","3":"status-publish","4":"format-standard","5":"has-post-thumbnail","7":"category-policiales"},"amp_enabled":true,"_links":{"self":[{"href":"https:\/\/www.todoeldia.com\/index.php\/wp-json\/wp\/v2\/posts\/68891","targetHints":{"allow":["GET"]}}],"collection":[{"href":"https:\/\/www.todoeldia.com\/index.php\/wp-json\/wp\/v2\/posts"}],"about":[{"href":"https:\/\/www.todoeldia.com\/index.php\/wp-json\/wp\/v2\/types\/post"}],"author":[{"embeddable":true,"href":"https:\/\/www.todoeldia.com\/index.php\/wp-json\/wp\/v2\/users\/2"}],"replies":[{"embeddable":true,"href":"https:\/\/www.todoeldia.com\/index.php\/wp-json\/wp\/v2\/comments?post=68891"}],"version-history":[{"count":1,"href":"https:\/\/www.todoeldia.com\/index.php\/wp-json\/wp\/v2\/posts\/68891\/revisions"}],"predecessor-version":[{"id":68893,"href":"https:\/\/www.todoeldia.com\/index.php\/wp-json\/wp\/v2\/posts\/68891\/revisions\/68893"}],"wp:featuredmedia":[{"embeddable":true,"href":"https:\/\/www.todoeldia.com\/index.php\/wp-json\/wp\/v2\/media\/65852"}],"wp:attachment":[{"href":"https:\/\/www.todoeldia.com\/index.php\/wp-json\/wp\/v2\/media?parent=68891"}],"wp:term":[{"taxonomy":"category","embeddable":true,"href":"https:\/\/www.todoeldia.com\/index.php\/wp-json\/wp\/v2\/categories?post=68891"},{"taxonomy":"post_tag","embeddable":true,"href":"https:\/\/www.todoeldia.com\/index.php\/wp-json\/wp\/v2\/tags?post=68891"}],"curies":[{"name":"wp","href":"https:\/\/api.w.org\/{rel}","templated":true}]}}