{"id":68894,"date":"2023-12-01T10:38:05","date_gmt":"2023-12-01T13:38:05","guid":{"rendered":"https:\/\/www.todoeldia.com\/?p=68894"},"modified":"2023-12-01T10:38:09","modified_gmt":"2023-12-01T13:38:09","slug":"juan-romero-hermano-de-la-intendenta-dijo-que-las-obras-de-la-plaza-9-de-julio-no-eran-prioridad","status":"publish","type":"post","link":"https:\/\/www.todoeldia.com\/index.php\/2023\/12\/01\/juan-romero-hermano-de-la-intendenta-dijo-que-las-obras-de-la-plaza-9-de-julio-no-eran-prioridad\/","title":{"rendered":"Juan Romero, hermano de la intendenta dijo que las obras de la plaza 9 de Julio no eran prioridad"},"content":{"rendered":"\n<p>El diputado provincial Juan Esteban Romero cuestion\u00f3 la obra que llev\u00f3 adelante su propia hermana e intendenta capitalina, Bettina Romero. Dijo que hab\u00eda otras obras que se deber\u00edan haber realizado.<\/p>\n\n\n\n<p>Son llamativas las declaraciones que hizo Juan Esteban Romero, diputado provincial, acerca de las obras que se llevaron a cabo en Plaza 9 de Julio. La opini\u00f3n del dirigente ser\u00eda una opini\u00f3n m\u00e1s, si es que no fuera el hermano de la intendenta Bettina Romero.<\/p>\n\n\n\n<p>\u201cLa obra que se hizo en Plaza 9 de Julio no era prioridad. Hay muchas otras obras en las que se tendr\u00eda que haber puesto el foco, como en cordones cunetas, bacheos\u201d, dijo en di\u00e1logo con Cadena Infinito.<\/p>\n\n\n\n<p>\u201cSon visiones que se tienen. Salta es una ciudad tur\u00edstica y es bueno tener a la plaza principal presentable y hac\u00eda mucho tiempo que no se le hac\u00eda ninguna refacci\u00f3n. No es malo lo que se hizo, pero claramente no era una prioridad\u201d, dijo.<\/p>\n","protected":false},"excerpt":{"rendered":"<p>El diputado provincial Juan Esteban Romero cuestion\u00f3 la obra que llev\u00f3 adelante su propia hermana e intendenta capitalina, Bettina Romero. Dijo que hab\u00eda otras obras que se deber\u00edan haber realizado. Son llamativas las declaraciones que hizo Juan Esteban Romero, diputado provincial, acerca de las obras que se llevaron a cabo en Plaza 9 de Julio. [&hellip;]<\/p>\n","protected":false},"author":2,"featured_media":67649,"comment_status":"open","ping_status":"open","sticky":false,"template":"","format":"standard","meta":{"tdm_status":"","tdm_grid_status":"","_joinchat":[],"footnotes":""},"categories":[59],"tags":[],"class_list":{"0":"post-68894","1":"post","2":"type-post","3":"status-publish","4":"format-standard","5":"has-post-thumbnail","7":"category-politica"},"amp_enabled":true,"_links":{"self":[{"href":"https:\/\/www.todoeldia.com\/index.php\/wp-json\/wp\/v2\/posts\/68894","targetHints":{"allow":["GET"]}}],"collection":[{"href":"https:\/\/www.todoeldia.com\/index.php\/wp-json\/wp\/v2\/posts"}],"about":[{"href":"https:\/\/www.todoeldia.com\/index.php\/wp-json\/wp\/v2\/types\/post"}],"author":[{"embeddable":true,"href":"https:\/\/www.todoeldia.com\/index.php\/wp-json\/wp\/v2\/users\/2"}],"replies":[{"embeddable":true,"href":"https:\/\/www.todoeldia.com\/index.php\/wp-json\/wp\/v2\/comments?post=68894"}],"version-history":[{"count":1,"href":"https:\/\/www.todoeldia.com\/index.php\/wp-json\/wp\/v2\/posts\/68894\/revisions"}],"predecessor-version":[{"id":68895,"href":"https:\/\/www.todoeldia.com\/index.php\/wp-json\/wp\/v2\/posts\/68894\/revisions\/68895"}],"wp:featuredmedia":[{"embeddable":true,"href":"https:\/\/www.todoeldia.com\/index.php\/wp-json\/wp\/v2\/media\/67649"}],"wp:attachment":[{"href":"https:\/\/www.todoeldia.com\/index.php\/wp-json\/wp\/v2\/media?parent=68894"}],"wp:term":[{"taxonomy":"category","embeddable":true,"href":"https:\/\/www.todoeldia.com\/index.php\/wp-json\/wp\/v2\/categories?post=68894"},{"taxonomy":"post_tag","embeddable":true,"href":"https:\/\/www.todoeldia.com\/index.php\/wp-json\/wp\/v2\/tags?post=68894"}],"curies":[{"name":"wp","href":"https:\/\/api.w.org\/{rel}","templated":true}]}}