{"id":68896,"date":"2023-12-01T10:44:14","date_gmt":"2023-12-01T13:44:14","guid":{"rendered":"https:\/\/www.todoeldia.com\/?p=68896"},"modified":"2023-12-01T11:04:13","modified_gmt":"2023-12-01T14:04:13","slug":"javier-milei-confirmo-que-patricia-bullrich-sera-la-ministro-de-seguridad","status":"publish","type":"post","link":"https:\/\/www.todoeldia.com\/index.php\/2023\/12\/01\/javier-milei-confirmo-que-patricia-bullrich-sera-la-ministro-de-seguridad\/","title":{"rendered":"Javier Milei confirm\u00f3 que Patricia Bullrich ser\u00e1 la ministro de Seguridad"},"content":{"rendered":"\n<p>La titular del PRO y excandidata presidencial de Juntos por el Cambio, Patricia Bullrich, ser\u00e1 la ministra de Seguridad del gobierno de Javier Milei, a partir del 10 de diciembre. As\u00ed lo confirm\u00f3 esta ma\u00f1ana la oficina del presidente electo a trav\u00e9s de su cuenta en la plataforma X, en la que anunci\u00f3 adem\u00e1s que Rodolfo Barra ser\u00e1 el Procurador del Tesoro de la Naci\u00f3n.<\/p>\n","protected":false},"excerpt":{"rendered":"<p>La titular del PRO y excandidata presidencial de Juntos por el Cambio, Patricia Bullrich, ser\u00e1 la ministra de Seguridad del gobierno de Javier Milei, a partir del 10 de diciembre. As\u00ed lo confirm\u00f3 esta ma\u00f1ana la oficina del presidente electo a trav\u00e9s de su cuenta en la plataforma X, en la que anunci\u00f3 adem\u00e1s que [&hellip;]<\/p>\n","protected":false},"author":2,"featured_media":68897,"comment_status":"open","ping_status":"open","sticky":false,"template":"","format":"standard","meta":{"tdm_status":"","tdm_grid_status":"","_joinchat":[],"footnotes":""},"categories":[59],"tags":[],"class_list":{"0":"post-68896","1":"post","2":"type-post","3":"status-publish","4":"format-standard","5":"has-post-thumbnail","7":"category-politica"},"amp_enabled":true,"_links":{"self":[{"href":"https:\/\/www.todoeldia.com\/index.php\/wp-json\/wp\/v2\/posts\/68896","targetHints":{"allow":["GET"]}}],"collection":[{"href":"https:\/\/www.todoeldia.com\/index.php\/wp-json\/wp\/v2\/posts"}],"about":[{"href":"https:\/\/www.todoeldia.com\/index.php\/wp-json\/wp\/v2\/types\/post"}],"author":[{"embeddable":true,"href":"https:\/\/www.todoeldia.com\/index.php\/wp-json\/wp\/v2\/users\/2"}],"replies":[{"embeddable":true,"href":"https:\/\/www.todoeldia.com\/index.php\/wp-json\/wp\/v2\/comments?post=68896"}],"version-history":[{"count":2,"href":"https:\/\/www.todoeldia.com\/index.php\/wp-json\/wp\/v2\/posts\/68896\/revisions"}],"predecessor-version":[{"id":68903,"href":"https:\/\/www.todoeldia.com\/index.php\/wp-json\/wp\/v2\/posts\/68896\/revisions\/68903"}],"wp:featuredmedia":[{"embeddable":true,"href":"https:\/\/www.todoeldia.com\/index.php\/wp-json\/wp\/v2\/media\/68897"}],"wp:attachment":[{"href":"https:\/\/www.todoeldia.com\/index.php\/wp-json\/wp\/v2\/media?parent=68896"}],"wp:term":[{"taxonomy":"category","embeddable":true,"href":"https:\/\/www.todoeldia.com\/index.php\/wp-json\/wp\/v2\/categories?post=68896"},{"taxonomy":"post_tag","embeddable":true,"href":"https:\/\/www.todoeldia.com\/index.php\/wp-json\/wp\/v2\/tags?post=68896"}],"curies":[{"name":"wp","href":"https:\/\/api.w.org\/{rel}","templated":true}]}}