{"id":68937,"date":"2023-12-01T12:03:39","date_gmt":"2023-12-01T15:03:39","guid":{"rendered":"https:\/\/www.todoeldia.com\/?p=68937"},"modified":"2023-12-01T12:03:42","modified_gmt":"2023-12-01T15:03:42","slug":"guillermo-francos-dijo-que-el-apoyo-de-mauricio-macri-a-milei-no-significa-que-compro-acciones-en-el-gobierno","status":"publish","type":"post","link":"https:\/\/www.todoeldia.com\/index.php\/2023\/12\/01\/guillermo-francos-dijo-que-el-apoyo-de-mauricio-macri-a-milei-no-significa-que-compro-acciones-en-el-gobierno\/","title":{"rendered":"Guillermo Francos dijo que el apoyo de Mauricio Macri a Milei no significa que \u201ccompr\u00f3 acciones\u201d en el gobierno"},"content":{"rendered":"\n<p>El futuro ministro del Interior le rest\u00f3 importancia al aval del ex mandatario en el triunfo del libertario frente a Sergio Massa.<\/p>\n\n\n\n<p>&#8220;Estamos hablando de cosas hipot\u00e9ticas. La gente nos hubiera acompa\u00f1ado igual porque la gente vot\u00f3 un cambio&#8221;, subray\u00f3.<\/p>\n\n\n\n<p>El futuro ministro del Interior de Javier Milei, Guillermo Francos, destac\u00f3 el apoyo de Mauricio Macri a La Libertad Avanza antes del balotaje frente a Sergio Massa, pero enfatiz\u00f3 que esto no significa que haya comprado acciones en el Gobierno.<\/p>\n\n\n\n<p>&#8220;No quiero generar una pol\u00e9mica nueva. A m\u00ed me pareci\u00f3 una actitud valiosa y con una claridad pol\u00edtica en ese momento (el apoyo de Macri), pero eso no significa que compraron acciones o estemos repartiendo acciones de gobierno. Estamos tomando mucha gente valiosa de Juntos por el Cambio y de otros sectores pol\u00edticos&#8221;, apunt\u00f3 Francos en medio de la definici\u00f3n del gabinete que acompa\u00f1ar\u00e1 a Milei durante su gesti\u00f3n.<\/p>\n\n\n\n<p>Luego de que el exmandatario destac\u00f3 que los votos de Juntos por el Cambio tuvieron un rol decisivo en la victoria del libertario en segunda vuelta, el futuro funcionario nacional remarc\u00f3 que se trata de &#8220;cosas hipot\u00e9ticas que no tienen forma de comprobarse&#8221;.<\/p>\n\n\n\n<p>&#8220;El mismo grupo pol\u00edtico de Mauricio Macri, de Patricia Bullrich dijeron \u2018la gente vot\u00f3 un cambio y si votaron un cambio, nosotros vamos a acompa\u00f1arlo\u2019. Es decir que la gente nos hubiera acompa\u00f1ado igual porque la gente vot\u00f3 un cambio&#8221;, subray\u00f3 Francos.<\/p>\n","protected":false},"excerpt":{"rendered":"<p>El futuro ministro del Interior le rest\u00f3 importancia al aval del ex mandatario en el triunfo del libertario frente a Sergio Massa. &#8220;Estamos hablando de cosas hipot\u00e9ticas. La gente nos hubiera acompa\u00f1ado igual porque la gente vot\u00f3 un cambio&#8221;, subray\u00f3. El futuro ministro del Interior de Javier Milei, Guillermo Francos, destac\u00f3 el apoyo de Mauricio [&hellip;]<\/p>\n","protected":false},"author":2,"featured_media":68938,"comment_status":"open","ping_status":"open","sticky":false,"template":"","format":"standard","meta":{"tdm_status":"","tdm_grid_status":"","_joinchat":[],"footnotes":""},"categories":[59],"tags":[],"class_list":{"0":"post-68937","1":"post","2":"type-post","3":"status-publish","4":"format-standard","5":"has-post-thumbnail","7":"category-politica"},"amp_enabled":true,"_links":{"self":[{"href":"https:\/\/www.todoeldia.com\/index.php\/wp-json\/wp\/v2\/posts\/68937","targetHints":{"allow":["GET"]}}],"collection":[{"href":"https:\/\/www.todoeldia.com\/index.php\/wp-json\/wp\/v2\/posts"}],"about":[{"href":"https:\/\/www.todoeldia.com\/index.php\/wp-json\/wp\/v2\/types\/post"}],"author":[{"embeddable":true,"href":"https:\/\/www.todoeldia.com\/index.php\/wp-json\/wp\/v2\/users\/2"}],"replies":[{"embeddable":true,"href":"https:\/\/www.todoeldia.com\/index.php\/wp-json\/wp\/v2\/comments?post=68937"}],"version-history":[{"count":1,"href":"https:\/\/www.todoeldia.com\/index.php\/wp-json\/wp\/v2\/posts\/68937\/revisions"}],"predecessor-version":[{"id":68939,"href":"https:\/\/www.todoeldia.com\/index.php\/wp-json\/wp\/v2\/posts\/68937\/revisions\/68939"}],"wp:featuredmedia":[{"embeddable":true,"href":"https:\/\/www.todoeldia.com\/index.php\/wp-json\/wp\/v2\/media\/68938"}],"wp:attachment":[{"href":"https:\/\/www.todoeldia.com\/index.php\/wp-json\/wp\/v2\/media?parent=68937"}],"wp:term":[{"taxonomy":"category","embeddable":true,"href":"https:\/\/www.todoeldia.com\/index.php\/wp-json\/wp\/v2\/categories?post=68937"},{"taxonomy":"post_tag","embeddable":true,"href":"https:\/\/www.todoeldia.com\/index.php\/wp-json\/wp\/v2\/tags?post=68937"}],"curies":[{"name":"wp","href":"https:\/\/api.w.org\/{rel}","templated":true}]}}