{"id":68956,"date":"2023-12-01T16:35:22","date_gmt":"2023-12-01T19:35:22","guid":{"rendered":"https:\/\/www.todoeldia.com\/?p=68956"},"modified":"2023-12-01T16:35:24","modified_gmt":"2023-12-01T19:35:24","slug":"javier-milei-eligio-a-martin-menem-como-presidente-de-la-camara-de-diputados","status":"publish","type":"post","link":"https:\/\/www.todoeldia.com\/index.php\/2023\/12\/01\/javier-milei-eligio-a-martin-menem-como-presidente-de-la-camara-de-diputados\/","title":{"rendered":"Javier Milei eligi\u00f3 a Mart\u00edn Menem como presidente de la C\u00e1mara de Diputados"},"content":{"rendered":"\n<p>El Presidente electo decidi\u00f3 que un libertario puro conduzca el cuerpo, en lugar de los candidatos de Pro, Cristian Ritondo, impulsado por Mauricio Macri, y del peronismo disidente, Florencio Randazzo, de buena relaci\u00f3n con Guillermo Francos.<\/p>\n\n\n\n<p>Despu\u00e9s de dos semanas de intrigas, empujones con el Pro y coqueteos con el peronismo disidente, Javier Milei decidi\u00f3 que un libertario \u201cpuro\u201d, de apellido ilustre en el ideario de La Libertad Avanza, conduzca la C\u00e1mara de Diputados. El riojano Mart\u00edn Menem es el elegido del presidente electo para hacerse cargo de uno de los lugares principales del Congreso, clave en las negociaciones con los otros partidos, en el impulso de la agenda legislativa del Ejecutivo, que est\u00e1 ubicado en la l\u00ednea sucesoria del poder.<\/p>\n\n\n\n<p>El diputado electo es hijo de Eduardo Menem, senador nacional por m\u00e1s de 20 a\u00f1os, y sobrino de Carlos Sa\u00fal, que gobern\u00f3 dos veces La Rioja y presidi\u00f3 la Naci\u00f3n durante 10 a\u00f1os. Sin embargo, decidi\u00f3 volcarse a la pol\u00edtica hace s\u00f3lo dos a\u00f1os, en 2021, de la mano de Milei, a quien hab\u00eda conocido por su actividad privada. Hasta entonces, aunque se recibi\u00f3 de la carrera de Derecho, se hab\u00eda dedicado exclusivamente al mundo empresario, en el rubro de la suplementaci\u00f3n deportiva.<\/p>\n\n\n\n<p>A pesar de que su falta de experiencia pol\u00edtica, estuvo cerca de ser candidato por el Pro -aunque eso nunca se concret\u00f3-, y mantiene buena relaci\u00f3n con los amarillos, que m\u00e1s all\u00e1 de sus ambiciones de poder en la c\u00e1mara, lo elogian en reserva. Milei, admirador de su t\u00edo, a quien pudo conocer en persona a trav\u00e9s suyo, le tiene especial aprecio, y en su entorno ven\u00edan advirtiendo desde hace d\u00edas que lo ve\u00edan con buenos ojos, aunque manten\u00edan la cautela. Hoy se confirm\u00f3, despu\u00e9s de que el resultado de las elecciones en su provincia le alcanzara para hacerse de una banca nacional, que a partir del 10 de diciembre tendr\u00e1 bajo su mando la conducci\u00f3n de la C\u00e1mara.<\/p>\n\n\n\n<p>Menem es uno de los referentes que impulsaban los libertarios del interior, deseosos de darle una impronta \u201cfederal\u201d a la conducci\u00f3n de la C\u00e1mara. Esta ma\u00f1ana, Rodolfo Eiben, uno de los referentes que apoyaron desde el comienzo a Milei en C\u00f3rdoba, hab\u00eda asegurado que el espacio libertario ten\u00eda definido el nombre de Menem. Sin embargo, hasta esta tarde hab\u00eda sobre la mesa otros nombres del frente de derecha: los de Oscar Zago (Ciudad de Buenos Aires) y Carlos Gonz\u00e1lez D\u2019Alessandro (San Luis), que finalmente fueron descartados.<\/p>\n","protected":false},"excerpt":{"rendered":"<p>El Presidente electo decidi\u00f3 que un libertario puro conduzca el cuerpo, en lugar de los candidatos de Pro, Cristian Ritondo, impulsado por Mauricio Macri, y del peronismo disidente, Florencio Randazzo, de buena relaci\u00f3n con Guillermo Francos. Despu\u00e9s de dos semanas de intrigas, empujones con el Pro y coqueteos con el peronismo disidente, Javier Milei decidi\u00f3 [&hellip;]<\/p>\n","protected":false},"author":2,"featured_media":68957,"comment_status":"open","ping_status":"open","sticky":false,"template":"","format":"standard","meta":{"tdm_status":"","tdm_grid_status":"","_joinchat":[],"footnotes":""},"categories":[59],"tags":[],"class_list":{"0":"post-68956","1":"post","2":"type-post","3":"status-publish","4":"format-standard","5":"has-post-thumbnail","7":"category-politica"},"amp_enabled":true,"_links":{"self":[{"href":"https:\/\/www.todoeldia.com\/index.php\/wp-json\/wp\/v2\/posts\/68956","targetHints":{"allow":["GET"]}}],"collection":[{"href":"https:\/\/www.todoeldia.com\/index.php\/wp-json\/wp\/v2\/posts"}],"about":[{"href":"https:\/\/www.todoeldia.com\/index.php\/wp-json\/wp\/v2\/types\/post"}],"author":[{"embeddable":true,"href":"https:\/\/www.todoeldia.com\/index.php\/wp-json\/wp\/v2\/users\/2"}],"replies":[{"embeddable":true,"href":"https:\/\/www.todoeldia.com\/index.php\/wp-json\/wp\/v2\/comments?post=68956"}],"version-history":[{"count":1,"href":"https:\/\/www.todoeldia.com\/index.php\/wp-json\/wp\/v2\/posts\/68956\/revisions"}],"predecessor-version":[{"id":68958,"href":"https:\/\/www.todoeldia.com\/index.php\/wp-json\/wp\/v2\/posts\/68956\/revisions\/68958"}],"wp:featuredmedia":[{"embeddable":true,"href":"https:\/\/www.todoeldia.com\/index.php\/wp-json\/wp\/v2\/media\/68957"}],"wp:attachment":[{"href":"https:\/\/www.todoeldia.com\/index.php\/wp-json\/wp\/v2\/media?parent=68956"}],"wp:term":[{"taxonomy":"category","embeddable":true,"href":"https:\/\/www.todoeldia.com\/index.php\/wp-json\/wp\/v2\/categories?post=68956"},{"taxonomy":"post_tag","embeddable":true,"href":"https:\/\/www.todoeldia.com\/index.php\/wp-json\/wp\/v2\/tags?post=68956"}],"curies":[{"name":"wp","href":"https:\/\/api.w.org\/{rel}","templated":true}]}}