{"id":68959,"date":"2023-12-01T19:30:42","date_gmt":"2023-12-01T22:30:42","guid":{"rendered":"https:\/\/www.todoeldia.com\/?p=68959"},"modified":"2023-12-01T19:30:45","modified_gmt":"2023-12-01T22:30:45","slug":"robo-huyo-y-la-pescaron-ya-habia-cometido-otros-ilicitos-en-otras-10-oportunidades","status":"publish","type":"post","link":"https:\/\/www.todoeldia.com\/index.php\/2023\/12\/01\/robo-huyo-y-la-pescaron-ya-habia-cometido-otros-ilicitos-en-otras-10-oportunidades\/","title":{"rendered":"\u00a0Robo, huyo y la pescaron: ya hab\u00eda cometido otros il\u00edcitos en otras 10 oportunidades"},"content":{"rendered":"\n<p>El 7 de noviembre pasado, cerca del mediod\u00eda, una mujer entr\u00f3 en un local de ropa ubicado en calle Leguizam\u00f3n. All\u00ed, aprovechando un descuido de la due\u00f1a sustrajo una mochila y una muestra de perfume.<\/p>\n\n\n\n<p>Cuando advirti\u00f3 la situaci\u00f3n, la denunciante comenz\u00f3 a perseguir a la mujer y la alcanz\u00f3 en la esquina de Balcarce y Leguizam\u00f3n. All\u00ed forcejearon y la v\u00edctima logr\u00f3 recuperar los elementos sustra\u00eddos, pero la acusada logr\u00f3 darse a la fuga en direcci\u00f3n a la plaza. En el lugar intervinieron unos bici polic\u00edas que pudieron detenerla.<\/p>\n\n\n\n<p>La fiscal\u00eda solicit\u00f3 la prisi\u00f3n preventiva, por lo que la Oficina Judicial de Garant\u00edas (OfiJu), fij\u00f3 una audiencia flexible y multiprop\u00f3sito en el marco del plan piloto de oralidad, la que se llev\u00f3 a cabo el pasado 21 de noviembre, a catorce d\u00edas de acontecido el hecho.<\/p>\n\n\n\n<p>En la audiencia, las partes llegaron a un acuerdo de juicio abreviado. Una vez que expusieron sus fundamentos, el juez Javier Aranibar conden\u00f3 a \u201cVivita\u201d, de 35 a\u00f1os, a la pena de cuatro meses de prisi\u00f3n de ejecuci\u00f3n efectiva, por ser autora del delito de tentativa de robo.<\/p>\n\n\n\n<p>La mujer fue declarada reincidente por onceava vez atento a los antecedentes condenatorios que registraba, y fue trasladada a la Unidad Carcelaria 1 de Villa Las Rosas, donde continuar\u00e1 detenida hasta cumplir su condena.<\/p>\n","protected":false},"excerpt":{"rendered":"<p>El 7 de noviembre pasado, cerca del mediod\u00eda, una mujer entr\u00f3 en un local de ropa ubicado en calle Leguizam\u00f3n. All\u00ed, aprovechando un descuido de la due\u00f1a sustrajo una mochila y una muestra de perfume. Cuando advirti\u00f3 la situaci\u00f3n, la denunciante comenz\u00f3 a perseguir a la mujer y la alcanz\u00f3 en la esquina de Balcarce [&hellip;]<\/p>\n","protected":false},"author":2,"featured_media":67696,"comment_status":"open","ping_status":"open","sticky":false,"template":"","format":"standard","meta":{"tdm_status":"","tdm_grid_status":"","_joinchat":[],"footnotes":""},"categories":[63],"tags":[],"class_list":{"0":"post-68959","1":"post","2":"type-post","3":"status-publish","4":"format-standard","5":"has-post-thumbnail","7":"category-policiales"},"amp_enabled":true,"_links":{"self":[{"href":"https:\/\/www.todoeldia.com\/index.php\/wp-json\/wp\/v2\/posts\/68959","targetHints":{"allow":["GET"]}}],"collection":[{"href":"https:\/\/www.todoeldia.com\/index.php\/wp-json\/wp\/v2\/posts"}],"about":[{"href":"https:\/\/www.todoeldia.com\/index.php\/wp-json\/wp\/v2\/types\/post"}],"author":[{"embeddable":true,"href":"https:\/\/www.todoeldia.com\/index.php\/wp-json\/wp\/v2\/users\/2"}],"replies":[{"embeddable":true,"href":"https:\/\/www.todoeldia.com\/index.php\/wp-json\/wp\/v2\/comments?post=68959"}],"version-history":[{"count":1,"href":"https:\/\/www.todoeldia.com\/index.php\/wp-json\/wp\/v2\/posts\/68959\/revisions"}],"predecessor-version":[{"id":68960,"href":"https:\/\/www.todoeldia.com\/index.php\/wp-json\/wp\/v2\/posts\/68959\/revisions\/68960"}],"wp:featuredmedia":[{"embeddable":true,"href":"https:\/\/www.todoeldia.com\/index.php\/wp-json\/wp\/v2\/media\/67696"}],"wp:attachment":[{"href":"https:\/\/www.todoeldia.com\/index.php\/wp-json\/wp\/v2\/media?parent=68959"}],"wp:term":[{"taxonomy":"category","embeddable":true,"href":"https:\/\/www.todoeldia.com\/index.php\/wp-json\/wp\/v2\/categories?post=68959"},{"taxonomy":"post_tag","embeddable":true,"href":"https:\/\/www.todoeldia.com\/index.php\/wp-json\/wp\/v2\/tags?post=68959"}],"curies":[{"name":"wp","href":"https:\/\/api.w.org\/{rel}","templated":true}]}}