{"id":68961,"date":"2023-12-01T21:21:55","date_gmt":"2023-12-02T00:21:55","guid":{"rendered":"https:\/\/www.todoeldia.com\/?p=68961"},"modified":"2023-12-01T21:21:57","modified_gmt":"2023-12-02T00:21:57","slug":"continuara-detenido-el-conductor-que-causo-la-muerte-de-la-policia-fatima-cardozo","status":"publish","type":"post","link":"https:\/\/www.todoeldia.com\/index.php\/2023\/12\/01\/continuara-detenido-el-conductor-que-causo-la-muerte-de-la-policia-fatima-cardozo\/","title":{"rendered":"Continuar\u00e1 detenido el conductor que caus\u00f3 la muerte de la Polic\u00eda, F\u00e1tima Cardozo"},"content":{"rendered":"\n<p>En una resoluci\u00f3n del Tribunal de Impugnaci\u00f3n se confirm\u00f3 la denegaci\u00f3n de la revisi\u00f3n de la prisi\u00f3n preventiva del acusado y ante un recurso de apelaci\u00f3n interpuesto por el fiscal penal Gabriel Gonz\u00e1lez, se declar\u00f3 la nulidad del auto resolutivo por el cual se dispon\u00eda el apartamiento del Fiscal interviniente en la causa y la anulaci\u00f3n de la ampliaci\u00f3n de la imputaci\u00f3n al acusado.<\/p>\n\n\n\n<p>La fiscal penal Ana In\u00e9s Salinas Odorisio, interina en la Fiscal\u00eda Penal de Impugnaci\u00f3n 1, represent\u00f3 al Ministerio P\u00fablico Fiscal ante la Sala IV del Tribunal de Impugnaci\u00f3n, en la audiencia donde se resolvi\u00f3 el pedido de revisi\u00f3n de la prisi\u00f3n preventiva planteado por la defensa t\u00e9cnica de un hombre de 36 a\u00f1os imputado como autor de los delitos de homicidio agravado por ser cometido en perjuicio de un miembro de la fuerza policial, por su funci\u00f3n, cargo o condici\u00f3n en perjuicio de F\u00e1tima Cardozo Romero y tentativa de homicidio agravado por ser cometido en perjuicio de un miembro de la fuerza policial, por su funci\u00f3n, cargo o condici\u00f3n en perjuicio de otro efectivo policial que se encontraba prestando servicios en el lugar.<\/p>\n\n\n\n<p>El juez Juan Marcos Ezequiel Molinati resolvi\u00f3 confirmar la denegaci\u00f3n de la revisi\u00f3n de la prisi\u00f3n preventiva del acusado, por lo que deber\u00e1 continuar detenido con prisi\u00f3n preventiva.<\/p>\n\n\n\n<figure class=\"wp-block-image size-full is-resized\"><img loading=\"lazy\" decoding=\"async\" width=\"803\" height=\"450\" src=\"https:\/\/www.todoeldia.com\/wp-content\/uploads\/2023\/09\/accidente-fatima-cardozo.jpg\" alt=\"\" class=\"wp-image-64956\" style=\"width:1068px;height:auto\" srcset=\"https:\/\/www.todoeldia.com\/wp-content\/uploads\/2023\/09\/accidente-fatima-cardozo.jpg 803w, https:\/\/www.todoeldia.com\/wp-content\/uploads\/2023\/09\/accidente-fatima-cardozo-300x168.jpg 300w, https:\/\/www.todoeldia.com\/wp-content\/uploads\/2023\/09\/accidente-fatima-cardozo-768x430.jpg 768w, https:\/\/www.todoeldia.com\/wp-content\/uploads\/2023\/09\/accidente-fatima-cardozo-696x390.jpg 696w, https:\/\/www.todoeldia.com\/wp-content\/uploads\/2023\/09\/accidente-fatima-cardozo-749x420.jpg 749w\" sizes=\"auto, (max-width: 803px) 100vw, 803px\" \/><figcaption class=\"wp-element-caption\">F\u00e1tima Cardozo muri\u00f3 tras ser embestida en un control vehicular<\/figcaption><\/figure>\n\n\n\n<p>El vocal Molinatti, en el marco de la misma causa, emiti\u00f3 una resoluci\u00f3n ante el recurso de apelaci\u00f3n interpuesto por el fiscal penal de la Unidad de Graves Atentados contra las Personas, Gabriel Gonz\u00e1lez contra el auto resolutivo de fecha 27 de septiembre del corriente a\u00f1o, por el cual la Jueza de Garant\u00edas interviniente en la investigaci\u00f3n, dispuso el apartamiento del fiscal penal Leandro Flores, declar\u00f3 la nulidad de la ampliaci\u00f3n de la audiencia de imputaci\u00f3n de fecha 18 de septiembre y de los actos procesales que de esta dependan.<\/p>\n","protected":false},"excerpt":{"rendered":"<p>En una resoluci\u00f3n del Tribunal de Impugnaci\u00f3n se confirm\u00f3 la denegaci\u00f3n de la revisi\u00f3n de la prisi\u00f3n preventiva del acusado y ante un recurso de apelaci\u00f3n interpuesto por el fiscal penal Gabriel Gonz\u00e1lez, se declar\u00f3 la nulidad del auto resolutivo por el cual se dispon\u00eda el apartamiento del Fiscal interviniente en la causa y la [&hellip;]<\/p>\n","protected":false},"author":2,"featured_media":56409,"comment_status":"open","ping_status":"open","sticky":false,"template":"","format":"standard","meta":{"tdm_status":"","tdm_grid_status":"","_joinchat":[],"footnotes":""},"categories":[63],"tags":[],"class_list":{"0":"post-68961","1":"post","2":"type-post","3":"status-publish","4":"format-standard","5":"has-post-thumbnail","7":"category-policiales"},"amp_enabled":true,"_links":{"self":[{"href":"https:\/\/www.todoeldia.com\/index.php\/wp-json\/wp\/v2\/posts\/68961","targetHints":{"allow":["GET"]}}],"collection":[{"href":"https:\/\/www.todoeldia.com\/index.php\/wp-json\/wp\/v2\/posts"}],"about":[{"href":"https:\/\/www.todoeldia.com\/index.php\/wp-json\/wp\/v2\/types\/post"}],"author":[{"embeddable":true,"href":"https:\/\/www.todoeldia.com\/index.php\/wp-json\/wp\/v2\/users\/2"}],"replies":[{"embeddable":true,"href":"https:\/\/www.todoeldia.com\/index.php\/wp-json\/wp\/v2\/comments?post=68961"}],"version-history":[{"count":1,"href":"https:\/\/www.todoeldia.com\/index.php\/wp-json\/wp\/v2\/posts\/68961\/revisions"}],"predecessor-version":[{"id":68962,"href":"https:\/\/www.todoeldia.com\/index.php\/wp-json\/wp\/v2\/posts\/68961\/revisions\/68962"}],"wp:featuredmedia":[{"embeddable":true,"href":"https:\/\/www.todoeldia.com\/index.php\/wp-json\/wp\/v2\/media\/56409"}],"wp:attachment":[{"href":"https:\/\/www.todoeldia.com\/index.php\/wp-json\/wp\/v2\/media?parent=68961"}],"wp:term":[{"taxonomy":"category","embeddable":true,"href":"https:\/\/www.todoeldia.com\/index.php\/wp-json\/wp\/v2\/categories?post=68961"},{"taxonomy":"post_tag","embeddable":true,"href":"https:\/\/www.todoeldia.com\/index.php\/wp-json\/wp\/v2\/tags?post=68961"}],"curies":[{"name":"wp","href":"https:\/\/api.w.org\/{rel}","templated":true}]}}