{"id":68963,"date":"2023-12-01T21:24:08","date_gmt":"2023-12-02T00:24:08","guid":{"rendered":"https:\/\/www.todoeldia.com\/?p=68963"},"modified":"2023-12-01T21:24:11","modified_gmt":"2023-12-02T00:24:11","slug":"cuatro-estafadores-de-la-causa-yomigt-fueron-imputados-y-permaneceran-detenidos","status":"publish","type":"post","link":"https:\/\/www.todoeldia.com\/index.php\/2023\/12\/01\/cuatro-estafadores-de-la-causa-yomigt-fueron-imputados-y-permaneceran-detenidos\/","title":{"rendered":"Cuatro estafadores de la causa Yomigt fueron imputados y permanecer\u00e1n detenidos"},"content":{"rendered":"\n<p>Cuatro hombres mayores de edad fueron imputados provisionalmente este viernes en el marco de la investigaci\u00f3n que lleva adelante la Fiscal\u00eda y s\u00f3lo uno de ellos prest\u00f3 declaraci\u00f3n.<\/p>\n\n\n\n<p>La fiscal penal especializada en Ciberdelincuencia, Sof\u00eda Cornejo, imput\u00f3 de forma provisional a cuatro hombres mayores de edad como part\u00edcipes necesarios de los delitos de asociaci\u00f3n il\u00edcita en concurso real con estafa (pluralidad de hechos).<\/p>\n\n\n\n<p>Tres de los imputados estuvieron acompa\u00f1ados de defensores particulares y uno por defensa oficial y s\u00f3lo uno de ellos prest\u00f3 declaraci\u00f3n.<\/p>\n\n\n\n<p>Desde la Fiscal\u00eda se solicit\u00f3 al Juzgado de Garant\u00edas 1 del distrito Centro que se mantengan detenidos, mientras se cumplen diversas medidas solicitadas.<\/p>\n\n\n\n<p>Tres de los imputados fueron detenidos durante la ma\u00f1ana de este jueves y un cuarto imputado fue detenido en las \u00faltimas horas por personal de la Unidad Especial de Investigaci\u00f3n del CIF.<\/p>\n","protected":false},"excerpt":{"rendered":"<p>Cuatro hombres mayores de edad fueron imputados provisionalmente este viernes en el marco de la investigaci\u00f3n que lleva adelante la Fiscal\u00eda y s\u00f3lo uno de ellos prest\u00f3 declaraci\u00f3n. La fiscal penal especializada en Ciberdelincuencia, Sof\u00eda Cornejo, imput\u00f3 de forma provisional a cuatro hombres mayores de edad como part\u00edcipes necesarios de los delitos de asociaci\u00f3n il\u00edcita [&hellip;]<\/p>\n","protected":false},"author":2,"featured_media":68833,"comment_status":"open","ping_status":"open","sticky":false,"template":"","format":"standard","meta":{"tdm_status":"","tdm_grid_status":"","_joinchat":[],"footnotes":""},"categories":[63],"tags":[],"class_list":{"0":"post-68963","1":"post","2":"type-post","3":"status-publish","4":"format-standard","5":"has-post-thumbnail","7":"category-policiales"},"amp_enabled":true,"_links":{"self":[{"href":"https:\/\/www.todoeldia.com\/index.php\/wp-json\/wp\/v2\/posts\/68963","targetHints":{"allow":["GET"]}}],"collection":[{"href":"https:\/\/www.todoeldia.com\/index.php\/wp-json\/wp\/v2\/posts"}],"about":[{"href":"https:\/\/www.todoeldia.com\/index.php\/wp-json\/wp\/v2\/types\/post"}],"author":[{"embeddable":true,"href":"https:\/\/www.todoeldia.com\/index.php\/wp-json\/wp\/v2\/users\/2"}],"replies":[{"embeddable":true,"href":"https:\/\/www.todoeldia.com\/index.php\/wp-json\/wp\/v2\/comments?post=68963"}],"version-history":[{"count":1,"href":"https:\/\/www.todoeldia.com\/index.php\/wp-json\/wp\/v2\/posts\/68963\/revisions"}],"predecessor-version":[{"id":68964,"href":"https:\/\/www.todoeldia.com\/index.php\/wp-json\/wp\/v2\/posts\/68963\/revisions\/68964"}],"wp:featuredmedia":[{"embeddable":true,"href":"https:\/\/www.todoeldia.com\/index.php\/wp-json\/wp\/v2\/media\/68833"}],"wp:attachment":[{"href":"https:\/\/www.todoeldia.com\/index.php\/wp-json\/wp\/v2\/media?parent=68963"}],"wp:term":[{"taxonomy":"category","embeddable":true,"href":"https:\/\/www.todoeldia.com\/index.php\/wp-json\/wp\/v2\/categories?post=68963"},{"taxonomy":"post_tag","embeddable":true,"href":"https:\/\/www.todoeldia.com\/index.php\/wp-json\/wp\/v2\/tags?post=68963"}],"curies":[{"name":"wp","href":"https:\/\/api.w.org\/{rel}","templated":true}]}}