{"id":68967,"date":"2023-12-02T13:39:13","date_gmt":"2023-12-02T16:39:13","guid":{"rendered":"https:\/\/www.todoeldia.com\/?p=68967"},"modified":"2023-12-02T13:39:15","modified_gmt":"2023-12-02T16:39:15","slug":"peligro-en-la-ruta-detienen-a-camionero-alcoholizado-en-tartagal-que-se-dirigia-a-chile","status":"publish","type":"post","link":"https:\/\/www.todoeldia.com\/index.php\/2023\/12\/02\/peligro-en-la-ruta-detienen-a-camionero-alcoholizado-en-tartagal-que-se-dirigia-a-chile\/","title":{"rendered":"Peligro en la ruta: detienen a camionero alcoholizado en Tartagal que se dirig\u00eda a Chile"},"content":{"rendered":"\n<p>Ayer efectivos de la Direcci\u00f3n de Unidad Regional N\u00b0 4 llevaron a cabo un procedimiento en el que detectaron al conductor de un cami\u00f3n que circulaba con graduaci\u00f3n alcoh\u00f3lica en sangre. Adem\u00e1s de la infracci\u00f3n, el rodado qued\u00f3 retenido a disposici\u00f3n de la Fiscal\u00eda Interviniente.<\/p>\n\n\n\n<p>Minutos despu\u00e9s de las 18, efectivos de la Secci\u00f3n Seguridad Vial de Tartagal que realizaban control en ruta nacional N\u00b0 34 a la altura del kil\u00f3metro 1431, detuvieron la marcha de un cami\u00f3n con acoplado que transportaba mercader\u00eda con destino a Chile, realizando el control respectivo.<\/p>\n\n\n\n<p>Al efectuar el test pasivo de alcoholemia al conductor de 33 a\u00f1os, arroj\u00f3 positivo, por lo que se realiz\u00f3 un segundo test comprobando que circulaba con 1.54 de gramos de alcohol en sangre.<\/p>\n\n\n\n<p>Los uniformados dieron intervenci\u00f3n a la Fiscal\u00eda de la zona y procedieron a labrar infracci\u00f3n por la Ley Provincial 7846\/14 de Tolerancia Cero para conductores, reteni\u00e9ndose la licencia de conducir y el veh\u00edculo, elementos que quedaron a disposici\u00f3n de la justicia.<\/p>\n","protected":false},"excerpt":{"rendered":"<p>Ayer efectivos de la Direcci\u00f3n de Unidad Regional N\u00b0 4 llevaron a cabo un procedimiento en el que detectaron al conductor de un cami\u00f3n que circulaba con graduaci\u00f3n alcoh\u00f3lica en sangre. Adem\u00e1s de la infracci\u00f3n, el rodado qued\u00f3 retenido a disposici\u00f3n de la Fiscal\u00eda Interviniente. Minutos despu\u00e9s de las 18, efectivos de la Secci\u00f3n Seguridad [&hellip;]<\/p>\n","protected":false},"author":2,"featured_media":68968,"comment_status":"open","ping_status":"open","sticky":false,"template":"","format":"standard","meta":{"tdm_status":"","tdm_grid_status":"","_joinchat":[],"footnotes":""},"categories":[63],"tags":[],"class_list":{"0":"post-68967","1":"post","2":"type-post","3":"status-publish","4":"format-standard","5":"has-post-thumbnail","7":"category-policiales"},"amp_enabled":true,"_links":{"self":[{"href":"https:\/\/www.todoeldia.com\/index.php\/wp-json\/wp\/v2\/posts\/68967","targetHints":{"allow":["GET"]}}],"collection":[{"href":"https:\/\/www.todoeldia.com\/index.php\/wp-json\/wp\/v2\/posts"}],"about":[{"href":"https:\/\/www.todoeldia.com\/index.php\/wp-json\/wp\/v2\/types\/post"}],"author":[{"embeddable":true,"href":"https:\/\/www.todoeldia.com\/index.php\/wp-json\/wp\/v2\/users\/2"}],"replies":[{"embeddable":true,"href":"https:\/\/www.todoeldia.com\/index.php\/wp-json\/wp\/v2\/comments?post=68967"}],"version-history":[{"count":1,"href":"https:\/\/www.todoeldia.com\/index.php\/wp-json\/wp\/v2\/posts\/68967\/revisions"}],"predecessor-version":[{"id":68969,"href":"https:\/\/www.todoeldia.com\/index.php\/wp-json\/wp\/v2\/posts\/68967\/revisions\/68969"}],"wp:featuredmedia":[{"embeddable":true,"href":"https:\/\/www.todoeldia.com\/index.php\/wp-json\/wp\/v2\/media\/68968"}],"wp:attachment":[{"href":"https:\/\/www.todoeldia.com\/index.php\/wp-json\/wp\/v2\/media?parent=68967"}],"wp:term":[{"taxonomy":"category","embeddable":true,"href":"https:\/\/www.todoeldia.com\/index.php\/wp-json\/wp\/v2\/categories?post=68967"},{"taxonomy":"post_tag","embeddable":true,"href":"https:\/\/www.todoeldia.com\/index.php\/wp-json\/wp\/v2\/tags?post=68967"}],"curies":[{"name":"wp","href":"https:\/\/api.w.org\/{rel}","templated":true}]}}