{"id":68990,"date":"2023-12-02T21:18:08","date_gmt":"2023-12-03T00:18:08","guid":{"rendered":"https:\/\/www.todoeldia.com\/?p=68990"},"modified":"2023-12-02T21:18:10","modified_gmt":"2023-12-03T00:18:10","slug":"detuvieron-en-tartagal-al-sicario-y-a-su-acompanante-que-intentaron-asesinar-a-un-hombre","status":"publish","type":"post","link":"https:\/\/www.todoeldia.com\/index.php\/2023\/12\/02\/detuvieron-en-tartagal-al-sicario-y-a-su-acompanante-que-intentaron-asesinar-a-un-hombre\/","title":{"rendered":"Detuvieron en Tartagal al sicario y a su acompa\u00f1ante que intentaron asesinar a un hombre"},"content":{"rendered":"\n<p>En una actuaci\u00f3n conjunta entre la Fiscal\u00eda de la Unidad de Graves Atentados contra las Personas de Tartagal y la Fiscal\u00eda Penal 1 de esa ciudad, se logr\u00f3 detener luego de m\u00faltiples allanamientos, a dos hombres vinculados a un hecho de robo ocurrido en esa ciudad e individualizar adem\u00e1s a uno de ellos como uno de los sospechosos de atentar con un arma de fuego contra un testigo.<\/p>\n\n\n\n<p>El fiscal penal de la Unidad de Graves Atentados contra las Personas de Tartagal, Gonzalo Vega, inform\u00f3 que en el marco de la investigaci\u00f3n que lleva adelante por un ataque con arma de fuego sufrido por un vecino de esa ciudad, se produjo este s\u00e1bado la detenci\u00f3n de uno de los dos sospechosos del hecho, quien estar\u00eda vinculado adem\u00e1s a un hecho de robo previo que tramita en la Fiscal\u00eda Penal 1.<\/p>\n\n\n\n<p>En forma coordinada con la Fiscal\u00eda Penal 1 de Tartagal, donde se investiga un hecho de robo que estar\u00eda vinculado al ataque del hombre de 46 a\u00f1os, se logr\u00f3 identificar y detener a una segunda persona como sospechosa del il\u00edcito.<\/p>\n\n\n\n<p>Con el trabajo del personal de la Brigada de Investigaciones y personal de la jurisdicci\u00f3n se realizaron m\u00faltiples allanamientos este s\u00e1bado y se logr\u00f3 el secuestro de una motocicleta, municiones y otros elementos de inter\u00e9s para la causa.<\/p>\n\n\n\n<p>Como resultado se produjo la detenci\u00f3n de dos hombres mayores de edad, ambos como sospechosos de un hecho de robo ocurrido el pasado 22 de noviembre y uno de ellos adem\u00e1s como sospechoso de la tentativa de homicidio de un hombre de 46 a\u00f1os en el barrio 350 viviendas ocurrida d\u00edas despu\u00e9s. Ambos ser\u00e1n imputados el pr\u00f3ximo lunes.<\/p>\n","protected":false},"excerpt":{"rendered":"<p>En una actuaci\u00f3n conjunta entre la Fiscal\u00eda de la Unidad de Graves Atentados contra las Personas de Tartagal y la Fiscal\u00eda Penal 1 de esa ciudad, se logr\u00f3 detener luego de m\u00faltiples allanamientos, a dos hombres vinculados a un hecho de robo ocurrido en esa ciudad e individualizar adem\u00e1s a uno de ellos como uno [&hellip;]<\/p>\n","protected":false},"author":2,"featured_media":68706,"comment_status":"open","ping_status":"open","sticky":false,"template":"","format":"standard","meta":{"tdm_status":"","tdm_grid_status":"","_joinchat":[],"footnotes":""},"categories":[63],"tags":[],"class_list":{"0":"post-68990","1":"post","2":"type-post","3":"status-publish","4":"format-standard","5":"has-post-thumbnail","7":"category-policiales"},"amp_enabled":true,"_links":{"self":[{"href":"https:\/\/www.todoeldia.com\/index.php\/wp-json\/wp\/v2\/posts\/68990","targetHints":{"allow":["GET"]}}],"collection":[{"href":"https:\/\/www.todoeldia.com\/index.php\/wp-json\/wp\/v2\/posts"}],"about":[{"href":"https:\/\/www.todoeldia.com\/index.php\/wp-json\/wp\/v2\/types\/post"}],"author":[{"embeddable":true,"href":"https:\/\/www.todoeldia.com\/index.php\/wp-json\/wp\/v2\/users\/2"}],"replies":[{"embeddable":true,"href":"https:\/\/www.todoeldia.com\/index.php\/wp-json\/wp\/v2\/comments?post=68990"}],"version-history":[{"count":1,"href":"https:\/\/www.todoeldia.com\/index.php\/wp-json\/wp\/v2\/posts\/68990\/revisions"}],"predecessor-version":[{"id":68991,"href":"https:\/\/www.todoeldia.com\/index.php\/wp-json\/wp\/v2\/posts\/68990\/revisions\/68991"}],"wp:featuredmedia":[{"embeddable":true,"href":"https:\/\/www.todoeldia.com\/index.php\/wp-json\/wp\/v2\/media\/68706"}],"wp:attachment":[{"href":"https:\/\/www.todoeldia.com\/index.php\/wp-json\/wp\/v2\/media?parent=68990"}],"wp:term":[{"taxonomy":"category","embeddable":true,"href":"https:\/\/www.todoeldia.com\/index.php\/wp-json\/wp\/v2\/categories?post=68990"},{"taxonomy":"post_tag","embeddable":true,"href":"https:\/\/www.todoeldia.com\/index.php\/wp-json\/wp\/v2\/tags?post=68990"}],"curies":[{"name":"wp","href":"https:\/\/api.w.org\/{rel}","templated":true}]}}