{"id":69027,"date":"2023-12-03T23:00:59","date_gmt":"2023-12-04T02:00:59","guid":{"rendered":"https:\/\/www.todoeldia.com\/?p=69027"},"modified":"2023-12-03T23:01:01","modified_gmt":"2023-12-04T02:01:01","slug":"murio-un-nene-7-de-anos-embestido-por-un-camion-en-dragones","status":"publish","type":"post","link":"https:\/\/www.todoeldia.com\/index.php\/2023\/12\/03\/murio-un-nene-7-de-anos-embestido-por-un-camion-en-dragones\/","title":{"rendered":"Muri\u00f3 un nene 7 de a\u00f1os embestido por un cami\u00f3n en Dragones"},"content":{"rendered":"\n<p>Esta tarde, personal del Destacamento Policial Dragones y del Grupo T\u00e9cnico Criminal\u00edstica trabajaron para determinar las causas que desencadenaron un siniestro vial protagonizado por un cami\u00f3n que habr\u00eda embestido a un ni\u00f1o.<\/p>\n\n\n\n<p>Hoy a horas 16:30, vecinos alertaron de un siniestro vial en calle Jos\u00e9 Domingo Vera de la Localidad de Dragones, de la ciudad norte\u00f1a.<\/p>\n\n\n\n<p>De inmediato personal se desplaz\u00f3 al lugar donde constat\u00f3 que el siniestro fue protagonizado por un cami\u00f3n marca Ford, el cual por motivos que investigan habr\u00eda impactado contra un peque\u00f1o de 7 a\u00f1os. El mismo a la llegada de los uniformados ya hab\u00eda sido trasladado hacia el Hospital Local, constatando los facultativos m\u00e9dicos a su ingreso que se encontraba sin signos vitales.<\/p>\n\n\n\n<p>En el lugar trabaj\u00f3 personal del Grupo T\u00e9cnico Criminalista de Or\u00e1n para documentar el hecho y determinar las causas que desencadenaron el siniestro.<\/p>\n\n\n\n<p>Por el hecho tom\u00f3 intervenci\u00f3n la Fiscal Penal de Embarcaci\u00f3n.<\/p>\n","protected":false},"excerpt":{"rendered":"<p>Esta tarde, personal del Destacamento Policial Dragones y del Grupo T\u00e9cnico Criminal\u00edstica trabajaron para determinar las causas que desencadenaron un siniestro vial protagonizado por un cami\u00f3n que habr\u00eda embestido a un ni\u00f1o. Hoy a horas 16:30, vecinos alertaron de un siniestro vial en calle Jos\u00e9 Domingo Vera de la Localidad de Dragones, de la ciudad [&hellip;]<\/p>\n","protected":false},"author":2,"featured_media":69028,"comment_status":"open","ping_status":"open","sticky":false,"template":"","format":"standard","meta":{"tdm_status":"","tdm_grid_status":"","_joinchat":[],"footnotes":""},"categories":[59],"tags":[],"class_list":{"0":"post-69027","1":"post","2":"type-post","3":"status-publish","4":"format-standard","5":"has-post-thumbnail","7":"category-politica"},"amp_enabled":true,"_links":{"self":[{"href":"https:\/\/www.todoeldia.com\/index.php\/wp-json\/wp\/v2\/posts\/69027","targetHints":{"allow":["GET"]}}],"collection":[{"href":"https:\/\/www.todoeldia.com\/index.php\/wp-json\/wp\/v2\/posts"}],"about":[{"href":"https:\/\/www.todoeldia.com\/index.php\/wp-json\/wp\/v2\/types\/post"}],"author":[{"embeddable":true,"href":"https:\/\/www.todoeldia.com\/index.php\/wp-json\/wp\/v2\/users\/2"}],"replies":[{"embeddable":true,"href":"https:\/\/www.todoeldia.com\/index.php\/wp-json\/wp\/v2\/comments?post=69027"}],"version-history":[{"count":1,"href":"https:\/\/www.todoeldia.com\/index.php\/wp-json\/wp\/v2\/posts\/69027\/revisions"}],"predecessor-version":[{"id":69029,"href":"https:\/\/www.todoeldia.com\/index.php\/wp-json\/wp\/v2\/posts\/69027\/revisions\/69029"}],"wp:featuredmedia":[{"embeddable":true,"href":"https:\/\/www.todoeldia.com\/index.php\/wp-json\/wp\/v2\/media\/69028"}],"wp:attachment":[{"href":"https:\/\/www.todoeldia.com\/index.php\/wp-json\/wp\/v2\/media?parent=69027"}],"wp:term":[{"taxonomy":"category","embeddable":true,"href":"https:\/\/www.todoeldia.com\/index.php\/wp-json\/wp\/v2\/categories?post=69027"},{"taxonomy":"post_tag","embeddable":true,"href":"https:\/\/www.todoeldia.com\/index.php\/wp-json\/wp\/v2\/tags?post=69027"}],"curies":[{"name":"wp","href":"https:\/\/api.w.org\/{rel}","templated":true}]}}