{"id":69039,"date":"2023-12-04T10:48:25","date_gmt":"2023-12-04T13:48:25","guid":{"rendered":"https:\/\/www.todoeldia.com\/?p=69039"},"modified":"2023-12-04T10:48:28","modified_gmt":"2023-12-04T13:48:28","slug":"es-la-mancha-venenosa-milei-y-su-mesa-chica-corren-a-victoria-villarruel-de-las-decisiones-ejecutivas-y-la-limitan-al-senado","status":"publish","type":"post","link":"https:\/\/www.todoeldia.com\/index.php\/2023\/12\/04\/es-la-mancha-venenosa-milei-y-su-mesa-chica-corren-a-victoria-villarruel-de-las-decisiones-ejecutivas-y-la-limitan-al-senado\/","title":{"rendered":"\u201cEs la mancha venenosa\u201d: Milei y su mesa chica corren a Victoria Villarruel de las decisiones ejecutivas y la limitan al Senado"},"content":{"rendered":"\n<p>La vicepresidenta qued\u00f3 marginada por el mile\u00edsmo de los principales nombramientos del gabinete.<\/p>\n\n\n\n<p>Se re\u00fane con su equipo para la C\u00e1mara alta y casi no interact\u00faa con la mesa chica que rodea al Presidente.<\/p>\n\n\n\n<p>Cuentan fuentes allegadas a Javier Milei y Victoria Villarruel que la relaci\u00f3n entre el presidente y la vicepresidenta electa no cambi\u00f3 desde la confirmaci\u00f3n del triunfo en el balotaje del 19 de noviembre. El afecto es mutuo luego de dos a\u00f1os de campa\u00f1a, sendas elecciones y bancas pegadas en la C\u00e1mara de Diputados.<\/p>\n\n\n\n<p>Esa afinidad no implica que la mesa chica de Milei sienta lo mismo hacia Villarruel, cada vez m\u00e1s marginada de la toma de decisiones en el naciente gobierno de La Libertad Avanza, que va adquiriendo un matiz peronista, con integrantes del PRO en lugares espec\u00edficos y algunas vacantes por cubrir.<\/p>\n\n\n\n<p>Clave en la campa\u00f1a, y de muy buena participaci\u00f3n en ambos debates realizados a candidatos a vicepresidentes en TN, Villarruel fue resignando terreno en el \u00faltimo mes. Se esperaba que de su dedo bajaran nombramientos en ministerios clave como Defensa, Justicia y Seguridad.<\/p>\n\n\n\n<p>Las tres carteras ya fueron definidas y quedar\u00e1n a cargo de tres externos: una suerte de outsider como Mariano C\u00faneo Libarona, una referente del PRO como Patricia Bullrich y un radical converso como el mendocino Luis Petri.<\/p>\n\n\n\n<p>Quedaba abierta esa posibilidad para que Villarruel ubique a alguien propio en Defensa, pero temprano este martes fue desactivada, con la llegada de Petri. As\u00ed, Bullrich sum\u00f3 otro aliado para un cargo estrat\u00e9gico como Defensa.<\/p>\n\n\n\n<p>El mi\u00e9rcoles de la semana pasada, Milei y Villarruel coincidieron en el Congreso, donde Cristina Fern\u00e1ndez de Kirchner, a cargo del Senado, los promulg\u00f3 oficialmente como presidente y vicepresidenta de la Naci\u00f3n. Se los not\u00f3 contentos y c\u00f3mplices, en l\u00ednea con su relaci\u00f3n desde 2021.<\/p>\n\n\n\n<p>Sin embargo, no hubo un solo d\u00eda en estas dos semanas desde que gan\u00f3 Milei en el que Villarruel pas\u00f3 por el Hotel Libertador. Sus reuniones las tiene en una oficina privada, donde re\u00fane a su gente de mayor confianza e imagina c\u00f3mo ser\u00e1 su actividad en el Senado. Hubo un encuentro, adem\u00e1s, con Guillermo Francos, ministro del Interior, en el que aglutinaron legisladores libertarios.<\/p>\n\n\n\n<p>El corrimiento de Villarruel del centro de la escena tuvo que ver con el ascenso, en simult\u00e1neo, de los dos hombres de mayor confianza hoy para Javier Milei: Santiago Caputo y Nicol\u00e1s Posse. El primero, definido como el &#8220;arquitecto&#8221; de la campa\u00f1a presidencial; el segundo, ex compa\u00f1ero de Milei en AA2000, cantad\u00edsimo jefe de Gabinete. Ambos lo acompa\u00f1aron a la gira en Miami.<\/p>\n","protected":false},"excerpt":{"rendered":"<p>La vicepresidenta qued\u00f3 marginada por el mile\u00edsmo de los principales nombramientos del gabinete. Se re\u00fane con su equipo para la C\u00e1mara alta y casi no interact\u00faa con la mesa chica que rodea al Presidente. Cuentan fuentes allegadas a Javier Milei y Victoria Villarruel que la relaci\u00f3n entre el presidente y la vicepresidenta electa no cambi\u00f3 [&hellip;]<\/p>\n","protected":false},"author":2,"featured_media":69040,"comment_status":"open","ping_status":"open","sticky":false,"template":"","format":"standard","meta":{"tdm_status":"","tdm_grid_status":"","_joinchat":[],"footnotes":""},"categories":[59],"tags":[],"class_list":{"0":"post-69039","1":"post","2":"type-post","3":"status-publish","4":"format-standard","5":"has-post-thumbnail","7":"category-politica"},"amp_enabled":true,"_links":{"self":[{"href":"https:\/\/www.todoeldia.com\/index.php\/wp-json\/wp\/v2\/posts\/69039","targetHints":{"allow":["GET"]}}],"collection":[{"href":"https:\/\/www.todoeldia.com\/index.php\/wp-json\/wp\/v2\/posts"}],"about":[{"href":"https:\/\/www.todoeldia.com\/index.php\/wp-json\/wp\/v2\/types\/post"}],"author":[{"embeddable":true,"href":"https:\/\/www.todoeldia.com\/index.php\/wp-json\/wp\/v2\/users\/2"}],"replies":[{"embeddable":true,"href":"https:\/\/www.todoeldia.com\/index.php\/wp-json\/wp\/v2\/comments?post=69039"}],"version-history":[{"count":1,"href":"https:\/\/www.todoeldia.com\/index.php\/wp-json\/wp\/v2\/posts\/69039\/revisions"}],"predecessor-version":[{"id":69041,"href":"https:\/\/www.todoeldia.com\/index.php\/wp-json\/wp\/v2\/posts\/69039\/revisions\/69041"}],"wp:featuredmedia":[{"embeddable":true,"href":"https:\/\/www.todoeldia.com\/index.php\/wp-json\/wp\/v2\/media\/69040"}],"wp:attachment":[{"href":"https:\/\/www.todoeldia.com\/index.php\/wp-json\/wp\/v2\/media?parent=69039"}],"wp:term":[{"taxonomy":"category","embeddable":true,"href":"https:\/\/www.todoeldia.com\/index.php\/wp-json\/wp\/v2\/categories?post=69039"},{"taxonomy":"post_tag","embeddable":true,"href":"https:\/\/www.todoeldia.com\/index.php\/wp-json\/wp\/v2\/tags?post=69039"}],"curies":[{"name":"wp","href":"https:\/\/api.w.org\/{rel}","templated":true}]}}