{"id":69065,"date":"2023-12-04T11:44:48","date_gmt":"2023-12-04T14:44:48","guid":{"rendered":"https:\/\/www.todoeldia.com\/?p=69065"},"modified":"2023-12-04T11:44:50","modified_gmt":"2023-12-04T14:44:50","slug":"menor-de-17-anos-robo-una-moto-y-la-escondio-en-la-maleza-en-embarcacion","status":"publish","type":"post","link":"https:\/\/www.todoeldia.com\/index.php\/2023\/12\/04\/menor-de-17-anos-robo-una-moto-y-la-escondio-en-la-maleza-en-embarcacion\/","title":{"rendered":"Menor de 17 a\u00f1os robo una moto y la escondi\u00f3 en la maleza en Embarcaci\u00f3n"},"content":{"rendered":"\n<p>Se trata de un menor de 17 a\u00f1os con domicilio en barrio El Brete. Se rob\u00f3 una moto Motomel 110 en el barrio Centro calle 9 de Julio cerca de las 5 y media de la madrugada. <\/p>\n\n\n\n<figure class=\"wp-block-image size-full is-resized\"><img loading=\"lazy\" decoding=\"async\" width=\"549\" height=\"568\" src=\"https:\/\/www.todoeldia.com\/wp-content\/uploads\/2023\/12\/image-32.png\" alt=\"\" class=\"wp-image-69067\" style=\"width:914px;height:auto\" srcset=\"https:\/\/www.todoeldia.com\/wp-content\/uploads\/2023\/12\/image-32.png 549w, https:\/\/www.todoeldia.com\/wp-content\/uploads\/2023\/12\/image-32-290x300.png 290w, https:\/\/www.todoeldia.com\/wp-content\/uploads\/2023\/12\/image-32-300x310.png 300w, https:\/\/www.todoeldia.com\/wp-content\/uploads\/2023\/12\/image-32-406x420.png 406w\" sizes=\"auto, (max-width: 549px) 100vw, 549px\" \/><\/figure>\n\n\n\n<p>Un video lo delata cuando se llevaba el ciclomotor. El menor decidi\u00f3 esconderlo a un costado de la avenida 25 de mayo tapado con malezas, ah\u00ed la encontr\u00f3 el personal policial.<\/p>\n\n\n\n<figure class=\"wp-block-image size-full is-resized\"><img loading=\"lazy\" decoding=\"async\" width=\"579\" height=\"516\" src=\"https:\/\/www.todoeldia.com\/wp-content\/uploads\/2023\/12\/image-33.png\" alt=\"\" class=\"wp-image-69068\" style=\"width:914px;height:auto\" srcset=\"https:\/\/www.todoeldia.com\/wp-content\/uploads\/2023\/12\/image-33.png 579w, https:\/\/www.todoeldia.com\/wp-content\/uploads\/2023\/12\/image-33-300x267.png 300w, https:\/\/www.todoeldia.com\/wp-content\/uploads\/2023\/12\/image-33-471x420.png 471w\" sizes=\"auto, (max-width: 579px) 100vw, 579px\" \/><\/figure>\n\n\n\n<p>Fue demorado esperando directivas de la fiscal\u00eda.<\/p>\n","protected":false},"excerpt":{"rendered":"<p>Se trata de un menor de 17 a\u00f1os con domicilio en barrio El Brete. Se rob\u00f3 una moto Motomel 110 en el barrio Centro calle 9 de Julio cerca de las 5 y media de la madrugada. Un video lo delata cuando se llevaba el ciclomotor. El menor decidi\u00f3 esconderlo a un costado de la [&hellip;]<\/p>\n","protected":false},"author":2,"featured_media":69066,"comment_status":"open","ping_status":"open","sticky":false,"template":"","format":"standard","meta":{"tdm_status":"","tdm_grid_status":"","_joinchat":[],"footnotes":""},"categories":[63],"tags":[],"class_list":{"0":"post-69065","1":"post","2":"type-post","3":"status-publish","4":"format-standard","5":"has-post-thumbnail","7":"category-policiales"},"amp_enabled":true,"_links":{"self":[{"href":"https:\/\/www.todoeldia.com\/index.php\/wp-json\/wp\/v2\/posts\/69065","targetHints":{"allow":["GET"]}}],"collection":[{"href":"https:\/\/www.todoeldia.com\/index.php\/wp-json\/wp\/v2\/posts"}],"about":[{"href":"https:\/\/www.todoeldia.com\/index.php\/wp-json\/wp\/v2\/types\/post"}],"author":[{"embeddable":true,"href":"https:\/\/www.todoeldia.com\/index.php\/wp-json\/wp\/v2\/users\/2"}],"replies":[{"embeddable":true,"href":"https:\/\/www.todoeldia.com\/index.php\/wp-json\/wp\/v2\/comments?post=69065"}],"version-history":[{"count":1,"href":"https:\/\/www.todoeldia.com\/index.php\/wp-json\/wp\/v2\/posts\/69065\/revisions"}],"predecessor-version":[{"id":69069,"href":"https:\/\/www.todoeldia.com\/index.php\/wp-json\/wp\/v2\/posts\/69065\/revisions\/69069"}],"wp:featuredmedia":[{"embeddable":true,"href":"https:\/\/www.todoeldia.com\/index.php\/wp-json\/wp\/v2\/media\/69066"}],"wp:attachment":[{"href":"https:\/\/www.todoeldia.com\/index.php\/wp-json\/wp\/v2\/media?parent=69065"}],"wp:term":[{"taxonomy":"category","embeddable":true,"href":"https:\/\/www.todoeldia.com\/index.php\/wp-json\/wp\/v2\/categories?post=69065"},{"taxonomy":"post_tag","embeddable":true,"href":"https:\/\/www.todoeldia.com\/index.php\/wp-json\/wp\/v2\/tags?post=69065"}],"curies":[{"name":"wp","href":"https:\/\/api.w.org\/{rel}","templated":true}]}}