{"id":69074,"date":"2023-12-04T11:55:20","date_gmt":"2023-12-04T14:55:20","guid":{"rendered":"https:\/\/www.todoeldia.com\/?p=69074"},"modified":"2023-12-04T11:55:22","modified_gmt":"2023-12-04T14:55:22","slug":"no-es-la-primera-vez-una-mujer-se-animo-y-denuncio-las-constantes-agresiones-de-su-pareja","status":"publish","type":"post","link":"https:\/\/www.todoeldia.com\/index.php\/2023\/12\/04\/no-es-la-primera-vez-una-mujer-se-animo-y-denuncio-las-constantes-agresiones-de-su-pareja\/","title":{"rendered":"No es la primera vez: una mujer se anim\u00f3 y denunci\u00f3 las constantes agresiones de su pareja"},"content":{"rendered":"\n<p>Un hombre fue detenido luego de golpear a la mujer con la que tiene una relaci\u00f3n de pareja de tres a\u00f1os y proferirle amenazas. Adem\u00e1s, caus\u00f3 da\u00f1os en su celular y una mochila. Se solicit\u00f3 que permanezca detenido.<\/p>\n\n\n\n<p>La fiscal penal de Joaqu\u00edn V. Gonz\u00e1lez, Mar\u00eda Celeste Garc\u00eda Pisacic, imput\u00f3 de forma provisional a un hombre de 34 a\u00f1os como autor de los delitos de lesiones leves agravadas por la relaci\u00f3n de pareja preexistente y por mediar violencia de g\u00e9nero, amenazas y da\u00f1os en perjuicio de su pareja.<\/p>\n\n\n\n<p>Tras la audiencia de imputaci\u00f3n, desde la Fiscal\u00eda se solicit\u00f3 que el acusado permanezca detenido.<\/p>\n\n\n\n<p>El hecho tuvo lugar el pasado mi\u00e9rcoles en Las Lajitas, cuando la mujer se encontraba en la residencia de sus suegros junto a su hijo menor de edad. En ese momento, el acusado, en estado de ebriedad, lleg\u00f3 al lugar y se desat\u00f3 una discusi\u00f3n que escal\u00f3 hasta la agresi\u00f3n f\u00edsica. La mujer sufri\u00f3 lesiones tras ser golpeada por el individuo, quien, adem\u00e1s, en un acto de violencia, da\u00f1\u00f3 su tel\u00e9fono celular y su mochila. Adem\u00e1s de la agresi\u00f3n f\u00edsica y los da\u00f1os materiales, el agresor profiri\u00f3 amenazas contra la v\u00edctima.<\/p>\n\n\n\n<p>La denunciante destac\u00f3 que este no es un incidente aislado, sino que representa un patr\u00f3n de violencia continua por parte del acusado. Se\u00f1al\u00f3 que ha experimentado episodios anteriores de agresi\u00f3n, lo que ha generado un temor constante por su integridad f\u00edsica y la de su hijo.<\/p>\n","protected":false},"excerpt":{"rendered":"<p>Un hombre fue detenido luego de golpear a la mujer con la que tiene una relaci\u00f3n de pareja de tres a\u00f1os y proferirle amenazas. Adem\u00e1s, caus\u00f3 da\u00f1os en su celular y una mochila. Se solicit\u00f3 que permanezca detenido. La fiscal penal de Joaqu\u00edn V. Gonz\u00e1lez, Mar\u00eda Celeste Garc\u00eda Pisacic, imput\u00f3 de forma provisional a un [&hellip;]<\/p>\n","protected":false},"author":2,"featured_media":43025,"comment_status":"open","ping_status":"open","sticky":false,"template":"","format":"standard","meta":{"tdm_status":"","tdm_grid_status":"","_joinchat":[],"footnotes":""},"categories":[63],"tags":[],"class_list":{"0":"post-69074","1":"post","2":"type-post","3":"status-publish","4":"format-standard","5":"has-post-thumbnail","7":"category-policiales"},"amp_enabled":true,"_links":{"self":[{"href":"https:\/\/www.todoeldia.com\/index.php\/wp-json\/wp\/v2\/posts\/69074","targetHints":{"allow":["GET"]}}],"collection":[{"href":"https:\/\/www.todoeldia.com\/index.php\/wp-json\/wp\/v2\/posts"}],"about":[{"href":"https:\/\/www.todoeldia.com\/index.php\/wp-json\/wp\/v2\/types\/post"}],"author":[{"embeddable":true,"href":"https:\/\/www.todoeldia.com\/index.php\/wp-json\/wp\/v2\/users\/2"}],"replies":[{"embeddable":true,"href":"https:\/\/www.todoeldia.com\/index.php\/wp-json\/wp\/v2\/comments?post=69074"}],"version-history":[{"count":1,"href":"https:\/\/www.todoeldia.com\/index.php\/wp-json\/wp\/v2\/posts\/69074\/revisions"}],"predecessor-version":[{"id":69075,"href":"https:\/\/www.todoeldia.com\/index.php\/wp-json\/wp\/v2\/posts\/69074\/revisions\/69075"}],"wp:featuredmedia":[{"embeddable":true,"href":"https:\/\/www.todoeldia.com\/index.php\/wp-json\/wp\/v2\/media\/43025"}],"wp:attachment":[{"href":"https:\/\/www.todoeldia.com\/index.php\/wp-json\/wp\/v2\/media?parent=69074"}],"wp:term":[{"taxonomy":"category","embeddable":true,"href":"https:\/\/www.todoeldia.com\/index.php\/wp-json\/wp\/v2\/categories?post=69074"},{"taxonomy":"post_tag","embeddable":true,"href":"https:\/\/www.todoeldia.com\/index.php\/wp-json\/wp\/v2\/tags?post=69074"}],"curies":[{"name":"wp","href":"https:\/\/api.w.org\/{rel}","templated":true}]}}