{"id":69100,"date":"2023-12-04T13:19:38","date_gmt":"2023-12-04T16:19:38","guid":{"rendered":"https:\/\/www.todoeldia.com\/?p=69100"},"modified":"2023-12-04T13:19:41","modified_gmt":"2023-12-04T16:19:41","slug":"un-automovilista-atropello-a-una-mujer-y-se-fugo-en-campo-quijano-denuncian-que-fue-intencional","status":"publish","type":"post","link":"https:\/\/www.todoeldia.com\/index.php\/2023\/12\/04\/un-automovilista-atropello-a-una-mujer-y-se-fugo-en-campo-quijano-denuncian-que-fue-intencional\/","title":{"rendered":"Un automovilista atropell\u00f3 a una mujer y se fug\u00f3 en Campo Quijano: \u00a0denuncian que fue intencional"},"content":{"rendered":"\n<p>Una mujer fue atropellada por un autom\u00f3vil en la madrugada del domingo, a la salida de un local bailable en Campo Quijano. El conductor se fug\u00f3 del lugar y un testigo asegur\u00f3 que la colisi\u00f3n fue intencional.<\/p>\n\n\n\n<p>Ocurri\u00f3 alrededor de las 5 de la ma\u00f1ana de ayer, en cercan\u00edas de la plaza de B\u00b0 El Portal. En circunstancias por esclarecer, un veh\u00edculo Fiat Europa color claro atropell\u00f3 a una mujer, caus\u00e1ndole politraumatismos y traumatismo encefalocraneano grave. El conductor se dio a la fuga, siendo encontrado despu\u00e9s y el veh\u00edculo demorado en la comisar\u00eda N\u00b0 7.<\/p>\n\n\n\n<p>Seg\u00fan aport\u00f3 un testigo a la polic\u00eda, el veh\u00edculo hab\u00eda frenado al ver a la mujer en medio de la calle, tuvieron un entredicho, pero luego repentinamente aceler\u00f3 y la atropell\u00f3, dej\u00e1ndola tirada en el piso. Por esto, se solicit\u00f3 la revisi\u00f3n de las c\u00e1maras de seguridad y la intervenci\u00f3n de criminal\u00edstica. El conductor fue identificado por la brigada, pero hasta esta ma\u00f1ana la fiscal\u00eda no hab\u00eda ordenado su detenci\u00f3n.<\/p>\n\n\n\n<p>La mujer de 36 a\u00f1os permanece internada en el hospital San Bernardo de Salta Capital, con pron\u00f3stico reservado. Seg\u00fan indicaron sus familiares en Fm 107.7, su cuadro es grave.<\/p>\n","protected":false},"excerpt":{"rendered":"<p>Una mujer fue atropellada por un autom\u00f3vil en la madrugada del domingo, a la salida de un local bailable en Campo Quijano. El conductor se fug\u00f3 del lugar y un testigo asegur\u00f3 que la colisi\u00f3n fue intencional. Ocurri\u00f3 alrededor de las 5 de la ma\u00f1ana de ayer, en cercan\u00edas de la plaza de B\u00b0 El [&hellip;]<\/p>\n","protected":false},"author":2,"featured_media":69101,"comment_status":"open","ping_status":"open","sticky":false,"template":"","format":"standard","meta":{"tdm_status":"","tdm_grid_status":"","_joinchat":[],"footnotes":""},"categories":[63],"tags":[],"class_list":{"0":"post-69100","1":"post","2":"type-post","3":"status-publish","4":"format-standard","5":"has-post-thumbnail","7":"category-policiales"},"amp_enabled":true,"_links":{"self":[{"href":"https:\/\/www.todoeldia.com\/index.php\/wp-json\/wp\/v2\/posts\/69100","targetHints":{"allow":["GET"]}}],"collection":[{"href":"https:\/\/www.todoeldia.com\/index.php\/wp-json\/wp\/v2\/posts"}],"about":[{"href":"https:\/\/www.todoeldia.com\/index.php\/wp-json\/wp\/v2\/types\/post"}],"author":[{"embeddable":true,"href":"https:\/\/www.todoeldia.com\/index.php\/wp-json\/wp\/v2\/users\/2"}],"replies":[{"embeddable":true,"href":"https:\/\/www.todoeldia.com\/index.php\/wp-json\/wp\/v2\/comments?post=69100"}],"version-history":[{"count":1,"href":"https:\/\/www.todoeldia.com\/index.php\/wp-json\/wp\/v2\/posts\/69100\/revisions"}],"predecessor-version":[{"id":69102,"href":"https:\/\/www.todoeldia.com\/index.php\/wp-json\/wp\/v2\/posts\/69100\/revisions\/69102"}],"wp:featuredmedia":[{"embeddable":true,"href":"https:\/\/www.todoeldia.com\/index.php\/wp-json\/wp\/v2\/media\/69101"}],"wp:attachment":[{"href":"https:\/\/www.todoeldia.com\/index.php\/wp-json\/wp\/v2\/media?parent=69100"}],"wp:term":[{"taxonomy":"category","embeddable":true,"href":"https:\/\/www.todoeldia.com\/index.php\/wp-json\/wp\/v2\/categories?post=69100"},{"taxonomy":"post_tag","embeddable":true,"href":"https:\/\/www.todoeldia.com\/index.php\/wp-json\/wp\/v2\/tags?post=69100"}],"curies":[{"name":"wp","href":"https:\/\/api.w.org\/{rel}","templated":true}]}}