{"id":69103,"date":"2023-12-04T13:57:10","date_gmt":"2023-12-04T16:57:10","guid":{"rendered":"https:\/\/www.todoeldia.com\/?p=69103"},"modified":"2023-12-04T13:57:12","modified_gmt":"2023-12-04T16:57:12","slug":"rajaron-a-dady-brieva-de-c5n-tras-el-triunfo-de-javier-milei","status":"publish","type":"post","link":"https:\/\/www.todoeldia.com\/index.php\/2023\/12\/04\/rajaron-a-dady-brieva-de-c5n-tras-el-triunfo-de-javier-milei\/","title":{"rendered":"Rajaron a Dady Brieva de C5N tras el triunfo de Javier Milei"},"content":{"rendered":"\n<p>Se confirm\u00f3 que C5N no continuar\u00e1 emitiendo el programa de Dady Brieva luego del triunfo de Javier Milei como presidente de la Naci\u00f3n.<\/p>\n\n\n\n<p>Es de p\u00fablico conocimiento cu\u00e1l es la postura ideol\u00f3gica de Dady Brieva con respecto a la pol\u00edtica, m\u00e1s a\u00fan con los dichos que manifest\u00f3 al poco tiempo de la victoria de Javier Milei como el nuevo presidente de Argentina, quien asumir\u00e1 el 10 de diciembre. Y como era de esperar, la ola cargada de consecuencias, en su mayor\u00eda negativas, lleg\u00f3 a las puertas del actor.<\/p>\n\n\n\n<figure class=\"wp-block-image size-full is-resized\"><img loading=\"lazy\" decoding=\"async\" width=\"848\" height=\"477\" src=\"https:\/\/www.todoeldia.com\/wp-content\/uploads\/2023\/12\/image-37.png\" alt=\"\" class=\"wp-image-69105\" style=\"width:915px;height:auto\" srcset=\"https:\/\/www.todoeldia.com\/wp-content\/uploads\/2023\/12\/image-37.png 848w, https:\/\/www.todoeldia.com\/wp-content\/uploads\/2023\/12\/image-37-300x169.png 300w, https:\/\/www.todoeldia.com\/wp-content\/uploads\/2023\/12\/image-37-768x432.png 768w, https:\/\/www.todoeldia.com\/wp-content\/uploads\/2023\/12\/image-37-696x392.png 696w, https:\/\/www.todoeldia.com\/wp-content\/uploads\/2023\/12\/image-37-747x420.png 747w\" sizes=\"auto, (max-width: 848px) 100vw, 848px\" \/><\/figure>\n\n\n\n<p>Una de ellas fue la respuesta que le proporcion\u00f3 Yanina Latorre pero eso fue la m\u00e1s leve, ya que ahora impact\u00f3 fuertemente en su trabajo en la pantalla de la televisi\u00f3n argentina.<\/p>\n\n\n\n<p>Es que el programa que conduc\u00eda Dady Brieva en C5n, \u201cPeronismo para Todos\u201d, qued\u00f3 fuera de la grilla del canal luego del batacazo que dio Javier Milei en las elecciones presidenciales que se llevaron a cabo en octubre, en nuestro pa\u00eds.<\/p>\n","protected":false},"excerpt":{"rendered":"<p>Se confirm\u00f3 que C5N no continuar\u00e1 emitiendo el programa de Dady Brieva luego del triunfo de Javier Milei como presidente de la Naci\u00f3n. Es de p\u00fablico conocimiento cu\u00e1l es la postura ideol\u00f3gica de Dady Brieva con respecto a la pol\u00edtica, m\u00e1s a\u00fan con los dichos que manifest\u00f3 al poco tiempo de la victoria de Javier [&hellip;]<\/p>\n","protected":false},"author":2,"featured_media":69104,"comment_status":"open","ping_status":"open","sticky":false,"template":"","format":"standard","meta":{"tdm_status":"","tdm_grid_status":"","_joinchat":[],"footnotes":""},"categories":[59],"tags":[],"class_list":{"0":"post-69103","1":"post","2":"type-post","3":"status-publish","4":"format-standard","5":"has-post-thumbnail","7":"category-politica"},"amp_enabled":true,"_links":{"self":[{"href":"https:\/\/www.todoeldia.com\/index.php\/wp-json\/wp\/v2\/posts\/69103","targetHints":{"allow":["GET"]}}],"collection":[{"href":"https:\/\/www.todoeldia.com\/index.php\/wp-json\/wp\/v2\/posts"}],"about":[{"href":"https:\/\/www.todoeldia.com\/index.php\/wp-json\/wp\/v2\/types\/post"}],"author":[{"embeddable":true,"href":"https:\/\/www.todoeldia.com\/index.php\/wp-json\/wp\/v2\/users\/2"}],"replies":[{"embeddable":true,"href":"https:\/\/www.todoeldia.com\/index.php\/wp-json\/wp\/v2\/comments?post=69103"}],"version-history":[{"count":1,"href":"https:\/\/www.todoeldia.com\/index.php\/wp-json\/wp\/v2\/posts\/69103\/revisions"}],"predecessor-version":[{"id":69106,"href":"https:\/\/www.todoeldia.com\/index.php\/wp-json\/wp\/v2\/posts\/69103\/revisions\/69106"}],"wp:featuredmedia":[{"embeddable":true,"href":"https:\/\/www.todoeldia.com\/index.php\/wp-json\/wp\/v2\/media\/69104"}],"wp:attachment":[{"href":"https:\/\/www.todoeldia.com\/index.php\/wp-json\/wp\/v2\/media?parent=69103"}],"wp:term":[{"taxonomy":"category","embeddable":true,"href":"https:\/\/www.todoeldia.com\/index.php\/wp-json\/wp\/v2\/categories?post=69103"},{"taxonomy":"post_tag","embeddable":true,"href":"https:\/\/www.todoeldia.com\/index.php\/wp-json\/wp\/v2\/tags?post=69103"}],"curies":[{"name":"wp","href":"https:\/\/api.w.org\/{rel}","templated":true}]}}