{"id":69110,"date":"2023-12-04T14:52:32","date_gmt":"2023-12-04T17:52:32","guid":{"rendered":"https:\/\/www.todoeldia.com\/?p=69110"},"modified":"2023-12-04T14:52:35","modified_gmt":"2023-12-04T17:52:35","slug":"quedo-libre-el-policia-que-le-disparo-con-una-pistola-marcadora-a-un-joven-que-perdio-un-ojo","status":"publish","type":"post","link":"https:\/\/www.todoeldia.com\/index.php\/2023\/12\/04\/quedo-libre-el-policia-que-le-disparo-con-una-pistola-marcadora-a-un-joven-que-perdio-un-ojo\/","title":{"rendered":"Quedo libre el polic\u00eda que le disparo con una pistola marcadora a un joven que perdi\u00f3 un ojo"},"content":{"rendered":"\n<p>El juez Guillermo Pereyra, vocal de la Sala VI del Tribunal de Juicio, conden\u00f3 a un polic\u00eda a la pena de tres a\u00f1os de prisi\u00f3n condicional e inhabilitaci\u00f3n especial por el doble de tiempo como autor del delito de vejaciones calificadas.<\/p>\n\n\n\n<p>En el mismo fallo, otros dos efectivos policiales resultaron absueltos del mismo delito por retiro de la acusaci\u00f3n fiscal.<\/p>\n\n\n\n<figure class=\"wp-block-image size-large\"><img loading=\"lazy\" decoding=\"async\" width=\"1024\" height=\"576\" src=\"https:\/\/www.todoeldia.com\/wp-content\/uploads\/2023\/12\/image-38-1024x576.png\" alt=\"\" class=\"wp-image-69111\" srcset=\"https:\/\/www.todoeldia.com\/wp-content\/uploads\/2023\/12\/image-38-1024x576.png 1024w, https:\/\/www.todoeldia.com\/wp-content\/uploads\/2023\/12\/image-38-300x169.png 300w, https:\/\/www.todoeldia.com\/wp-content\/uploads\/2023\/12\/image-38-768x432.png 768w, https:\/\/www.todoeldia.com\/wp-content\/uploads\/2023\/12\/image-38-696x392.png 696w, https:\/\/www.todoeldia.com\/wp-content\/uploads\/2023\/12\/image-38-1068x601.png 1068w, https:\/\/www.todoeldia.com\/wp-content\/uploads\/2023\/12\/image-38-746x420.png 746w, https:\/\/www.todoeldia.com\/wp-content\/uploads\/2023\/12\/image-38.png 1224w\" sizes=\"auto, (max-width: 1024px) 100vw, 1024px\" \/><\/figure>\n\n\n\n<p>Por la modalidad de la pena, el condenado permanecer\u00e1 en libertad y deber\u00e1 cumplir una serie de reglas de conducta durante tres a\u00f1os: fijar domicilio y someterse al control del Programa de inserci\u00f3n social y supervisi\u00f3n de presos y liberados; prohibici\u00f3n total de acercamiento a la v\u00edctima y a su grupo familiar en sus domicilios particulares y lugares que ellos frecuenten en un radio de 200 metros; prohibici\u00f3n de realizar actos de violencia f\u00edsica, ps\u00edquica o moral en su contra y de contactarse con ellos por cualquier medio; abstenerse de abusar de bebidas alcoh\u00f3licas y de consumir estupefacientes; realizar tratamiento psicol\u00f3gico previo diagn\u00f3stico acerca de su necesidad y presentar las constancias de su evoluci\u00f3n.<\/p>\n\n\n\n<p>El juez dispuso que la prohibici\u00f3n de acercamiento, de entablar contacto y de ejercer actos de violencia en contra del denunciante y de su grupo familiar rija en car\u00e1cter cautelar hasta que la sentencia quede firme.<\/p>\n\n\n\n<p>Por el Ministerio P\u00fablico intervino la fiscal penal de Derechos Humanos, Claudia Geria. La defensa de los acusados estuvo a cargo de Pablo Alberto Gonz\u00e1lez.<\/p>\n\n\n\n<p>El hecho por el cual el polic\u00eda result\u00f3 condenado ocurri\u00f3 la ma\u00f1ana del 19 de agosto de 2018. Seg\u00fan consta en la causa, el damnificado estaba en su domicilio en barrio Ceferino con unos amigos cuando un efectivo le dispar\u00f3 con un arma marcadora. La v\u00edctima fue auxiliada por un vecino que lo traslad\u00f3 en su veh\u00edculo particular al Hospital San Bernardo. En el nosocomio, el oftalm\u00f3logo examin\u00f3 al joven y le diagnostic\u00f3 \u201cestallido de ojo derecho\u201d por impacto de proyectil.<\/p>\n","protected":false},"excerpt":{"rendered":"<p>El juez Guillermo Pereyra, vocal de la Sala VI del Tribunal de Juicio, conden\u00f3 a un polic\u00eda a la pena de tres a\u00f1os de prisi\u00f3n condicional e inhabilitaci\u00f3n especial por el doble de tiempo como autor del delito de vejaciones calificadas. En el mismo fallo, otros dos efectivos policiales resultaron absueltos del mismo delito por [&hellip;]<\/p>\n","protected":false},"author":2,"featured_media":68813,"comment_status":"open","ping_status":"open","sticky":false,"template":"","format":"standard","meta":{"tdm_status":"","tdm_grid_status":"","_joinchat":[],"footnotes":""},"categories":[63],"tags":[],"class_list":{"0":"post-69110","1":"post","2":"type-post","3":"status-publish","4":"format-standard","5":"has-post-thumbnail","7":"category-policiales"},"amp_enabled":true,"_links":{"self":[{"href":"https:\/\/www.todoeldia.com\/index.php\/wp-json\/wp\/v2\/posts\/69110","targetHints":{"allow":["GET"]}}],"collection":[{"href":"https:\/\/www.todoeldia.com\/index.php\/wp-json\/wp\/v2\/posts"}],"about":[{"href":"https:\/\/www.todoeldia.com\/index.php\/wp-json\/wp\/v2\/types\/post"}],"author":[{"embeddable":true,"href":"https:\/\/www.todoeldia.com\/index.php\/wp-json\/wp\/v2\/users\/2"}],"replies":[{"embeddable":true,"href":"https:\/\/www.todoeldia.com\/index.php\/wp-json\/wp\/v2\/comments?post=69110"}],"version-history":[{"count":1,"href":"https:\/\/www.todoeldia.com\/index.php\/wp-json\/wp\/v2\/posts\/69110\/revisions"}],"predecessor-version":[{"id":69112,"href":"https:\/\/www.todoeldia.com\/index.php\/wp-json\/wp\/v2\/posts\/69110\/revisions\/69112"}],"wp:featuredmedia":[{"embeddable":true,"href":"https:\/\/www.todoeldia.com\/index.php\/wp-json\/wp\/v2\/media\/68813"}],"wp:attachment":[{"href":"https:\/\/www.todoeldia.com\/index.php\/wp-json\/wp\/v2\/media?parent=69110"}],"wp:term":[{"taxonomy":"category","embeddable":true,"href":"https:\/\/www.todoeldia.com\/index.php\/wp-json\/wp\/v2\/categories?post=69110"},{"taxonomy":"post_tag","embeddable":true,"href":"https:\/\/www.todoeldia.com\/index.php\/wp-json\/wp\/v2\/tags?post=69110"}],"curies":[{"name":"wp","href":"https:\/\/api.w.org\/{rel}","templated":true}]}}