{"id":69129,"date":"2023-12-04T19:18:13","date_gmt":"2023-12-04T22:18:13","guid":{"rendered":"https:\/\/www.todoeldia.com\/?p=69129"},"modified":"2023-12-04T19:18:15","modified_gmt":"2023-12-04T22:18:15","slug":"una-nina-quiso-regalarle-una-flor-a-milei-la-seguridad-la-rechazo-pero-luego-fue-recibida-en-el-hotel-libertador","status":"publish","type":"post","link":"https:\/\/www.todoeldia.com\/index.php\/2023\/12\/04\/una-nina-quiso-regalarle-una-flor-a-milei-la-seguridad-la-rechazo-pero-luego-fue-recibida-en-el-hotel-libertador\/","title":{"rendered":"Una ni\u00f1a quiso regalarle una flor a Milei, la seguridad la rechaz\u00f3 pero luego fue recibida en el Hotel Libertador"},"content":{"rendered":"\n<p>Fue Karina Milei quien la recibi\u00f3 y le pidi\u00f3 disculpas por el incidente en la puerta del hotel donde se aloja el presidente electo.<\/p>\n\n\n\n<p>Un confuso incidente fue registrado en la puerta del Hotel Libertador cuando una chica de 13 a\u00f1os quiso entregarle una carta y una flor a Javier Milei, pero fue rechazada bruscamente por custodios del presidente electo.<\/p>\n\n\n\n<figure class=\"wp-block-image size-large\"><img loading=\"lazy\" decoding=\"async\" width=\"1024\" height=\"683\" src=\"https:\/\/www.todoeldia.com\/wp-content\/uploads\/2023\/12\/image-40-1024x683.png\" alt=\"\" class=\"wp-image-69131\" srcset=\"https:\/\/www.todoeldia.com\/wp-content\/uploads\/2023\/12\/image-40-1024x683.png 1024w, https:\/\/www.todoeldia.com\/wp-content\/uploads\/2023\/12\/image-40-300x200.png 300w, https:\/\/www.todoeldia.com\/wp-content\/uploads\/2023\/12\/image-40-768x512.png 768w, https:\/\/www.todoeldia.com\/wp-content\/uploads\/2023\/12\/image-40-696x464.png 696w, https:\/\/www.todoeldia.com\/wp-content\/uploads\/2023\/12\/image-40-1068x712.png 1068w, https:\/\/www.todoeldia.com\/wp-content\/uploads\/2023\/12\/image-40-630x420.png 630w, https:\/\/www.todoeldia.com\/wp-content\/uploads\/2023\/12\/image-40.png 1200w\" sizes=\"auto, (max-width: 1024px) 100vw, 1024px\" \/><\/figure>\n\n\n\n<p><strong>Melanie, emocionada, con su mam\u00e1, despu\u00e9s de haber sido recibidas por Karina Milei.<\/strong><\/p>\n\n\n\n<p>El llanto de la menor de edad, llamada Melanie, fue registrado por las c\u00e1maras de televisi\u00f3n y al anoticiarse de la situaci\u00f3n, el l\u00edder de La Libertad Avanza quiso reparar el desplante: mand\u00f3 a buscar a la chica a trav\u00e9s del personal de seguridad y fue invitada al hotel donde pudo encontrarse con Karina Milei, la hermana y colaboradora del mandatario electo.<\/p>\n\n\n\n<p>&#8220;Me explicaron que no fue a prop\u00f3sito, sino para protegerlo a \u00e9l&#8221;, explic\u00f3, mucho m\u00e1s tranquila despu\u00e9s de verse con quien ser\u00e1 secretaria general de Presidencia.<\/p>\n\n\n\n<p>Seg\u00fan el relato, Karina Milei le pidi\u00f3 disculpas por el mal momento que Melanie tuvo que vivir y le pidi\u00f3 a la madre de la chica el tel\u00e9fono para estar en contacto.<\/p>\n\n\n\n<p>&#8220;Todo esto es como un sue\u00f1o hecho realidad para mi. No sab\u00eda qu\u00e9 decir porque me emocion\u00e9 mucho&#8221;, confes\u00f3 Melanie, entre l\u00e1grimas.<\/p>\n\n\n\n<p>Hace unas semanas, mientras el presidente iba de camino a la Quinta de Olivos para tener la primera reuni\u00f3n de transici\u00f3n con Alberto Fern\u00e1ndez, se baj\u00f3 del auto para saludar a un grupo de ni\u00f1os que lo hab\u00edan reconocido desde una combi escolar.<\/p>\n","protected":false},"excerpt":{"rendered":"<p>Fue Karina Milei quien la recibi\u00f3 y le pidi\u00f3 disculpas por el incidente en la puerta del hotel donde se aloja el presidente electo. Un confuso incidente fue registrado en la puerta del Hotel Libertador cuando una chica de 13 a\u00f1os quiso entregarle una carta y una flor a Javier Milei, pero fue rechazada bruscamente [&hellip;]<\/p>\n","protected":false},"author":2,"featured_media":69130,"comment_status":"open","ping_status":"open","sticky":false,"template":"","format":"standard","meta":{"tdm_status":"","tdm_grid_status":"","_joinchat":[],"footnotes":""},"categories":[59],"tags":[],"class_list":{"0":"post-69129","1":"post","2":"type-post","3":"status-publish","4":"format-standard","5":"has-post-thumbnail","7":"category-politica"},"amp_enabled":true,"_links":{"self":[{"href":"https:\/\/www.todoeldia.com\/index.php\/wp-json\/wp\/v2\/posts\/69129","targetHints":{"allow":["GET"]}}],"collection":[{"href":"https:\/\/www.todoeldia.com\/index.php\/wp-json\/wp\/v2\/posts"}],"about":[{"href":"https:\/\/www.todoeldia.com\/index.php\/wp-json\/wp\/v2\/types\/post"}],"author":[{"embeddable":true,"href":"https:\/\/www.todoeldia.com\/index.php\/wp-json\/wp\/v2\/users\/2"}],"replies":[{"embeddable":true,"href":"https:\/\/www.todoeldia.com\/index.php\/wp-json\/wp\/v2\/comments?post=69129"}],"version-history":[{"count":1,"href":"https:\/\/www.todoeldia.com\/index.php\/wp-json\/wp\/v2\/posts\/69129\/revisions"}],"predecessor-version":[{"id":69132,"href":"https:\/\/www.todoeldia.com\/index.php\/wp-json\/wp\/v2\/posts\/69129\/revisions\/69132"}],"wp:featuredmedia":[{"embeddable":true,"href":"https:\/\/www.todoeldia.com\/index.php\/wp-json\/wp\/v2\/media\/69130"}],"wp:attachment":[{"href":"https:\/\/www.todoeldia.com\/index.php\/wp-json\/wp\/v2\/media?parent=69129"}],"wp:term":[{"taxonomy":"category","embeddable":true,"href":"https:\/\/www.todoeldia.com\/index.php\/wp-json\/wp\/v2\/categories?post=69129"},{"taxonomy":"post_tag","embeddable":true,"href":"https:\/\/www.todoeldia.com\/index.php\/wp-json\/wp\/v2\/tags?post=69129"}],"curies":[{"name":"wp","href":"https:\/\/api.w.org\/{rel}","templated":true}]}}