{"id":69133,"date":"2023-12-04T19:28:39","date_gmt":"2023-12-04T22:28:39","guid":{"rendered":"https:\/\/www.todoeldia.com\/?p=69133"},"modified":"2023-12-04T19:28:43","modified_gmt":"2023-12-04T22:28:43","slug":"procesaron-en-salta-a-un-boliviano-como-organizador-del-transporte-de-400-kilos-de-cocaina","status":"publish","type":"post","link":"https:\/\/www.todoeldia.com\/index.php\/2023\/12\/04\/procesaron-en-salta-a-un-boliviano-como-organizador-del-transporte-de-400-kilos-de-cocaina\/","title":{"rendered":"Procesaron en Salta a un boliviano como organizador del transporte de 400 kilos de coca\u00edna"},"content":{"rendered":"\n<p>Se trata de Jorge Adalid Granier Ruiz, capturado en marzo pasado en Brasil, quien se encuentra imputado por haber organizado un transporte de 389 kilos de coca\u00edna descubierto en Rosario en 2020 y por el cual ya fueron condenadas otras cinco personas. De acuerdo con la investigaci\u00f3n, el acusado ofrec\u00eda el transporte en avionetas de hasta 400 kilos por cargamento.<\/p>\n\n\n\n<p>El titular del Juzgado Federal N\u00b01 de Salta, Julio Bavio, proces\u00f3 el jueves pasado al empresario boliviano Jorge Adalid Granier Ruiz por considerarlo responsable del delito de transporte de estupefacientes agravado por el n\u00famero de personas intervinientes, en calidad de organizador.<\/p>\n\n\n\n<p>En la resoluci\u00f3n, dictada en el marco de una causa que se tramita bajo el sistema mixto, el magistrado orden\u00f3 tambi\u00e9n que se trabe embargo de los bienes del imputado por la suma de 30 millones de pesos.<\/p>\n\n\n\n<p>El juez remarc\u00f3 que Granier Ruiz registraba pedido de captura desde el 2 de marzo del 2022 y que fue capturado el 29 de marzo de este a\u00f1o en Brasil, cuando circulaba desde la localidad de Rondon\u00f3polis hacia Campo Grande, en Matto Grosso, para encontrarse con un socio.<\/p>\n\n\n\n<p>Informada la captura por la Interpol, los fiscales Iglesias y Villalba solicitaron al juez Bavio la extradici\u00f3n del imputado, quien le dio curso al pedido en base a las disposiciones contenidas en el Tratado de Extradici\u00f3n entre la Rep\u00fablica Argentina y la Rep\u00fablica Federativa de Brasil y lo establecido por el art\u00edculo 63 y subsiguientes de la ley 24.767, de Cooperaci\u00f3n Internacional en Materia Penal.<\/p>\n\n\n\n<p>El pedido se hizo en el marco de una investigaci\u00f3n que hab\u00eda iniciado a partir de una serie de pruebas surgidas de varios expedientes que llevaba adelante el juez Bavio, entre ellos la causa que deriv\u00f3 en la detenci\u00f3n de Adelaida Castillo, su hija Estela y Rodrigo L\u00f3pez por el transporte de 389 kilos de coca\u00edna, hecho ocurrido el 24 de septiembre de 2020.<\/p>\n\n\n\n<p>Aquel procedimiento se llev\u00f3 a cabo en el norte de la provincia de Buenos Aires, sobre la ruta 9, en la localidad El Para\u00edso, partido de Ramallo. Castillo se movilizaba en una camioneta Ford Ranger, mientras que su hija y L\u00f3pez lo hac\u00edan en otro rodado de igual marca.<\/p>\n\n\n\n<p>Como parte del operativo, Gendarmer\u00eda Nacional hab\u00eda seguido a los acusados desde que salieron de Buenos Aires hasta la ciudad de Rosario, en Santa Fe, donde se encontraron con el conductor de una camioneta Toyota, quien llevaba la droga, que luego fue traspasada a la camioneta que conduc\u00eda Castillo en una finca ubicada en la localidad de Ibarlucea.<\/p>\n\n\n\n<p>&#8220;Granier Ruiz organiz\u00f3 la maniobra il\u00edcita investigada, pues de la extensa investigaci\u00f3n se estableci\u00f3 que aqu\u00e9l tuvo la direcci\u00f3n exclusiva de las actividades que luego realizar\u00edan o materializar\u00edan junto con el resto de sus coimputados, los cuales estuvieron siempre en relaci\u00f3n, cuanto menos, de subordinaci\u00f3n\u201d, sostuvo el juez.<\/p>\n\n\n\n<p>El 7 de abril del 2022 el Tribunal Oral Federal 2 de Salta N\u00b02 de Salta conden\u00f3 por este hecho a Castillo a 13 a\u00f1os de prisi\u00f3n por el delito de transporte de estupefacientes, en calidad de organizadora. Estela y L\u00f3pez, por su parte, recibieron una pena de 8 a\u00f1os de c\u00e1rcel por el mismo delito, pero en grado de part\u00edcipes primarios.<\/p>\n","protected":false},"excerpt":{"rendered":"<p>Se trata de Jorge Adalid Granier Ruiz, capturado en marzo pasado en Brasil, quien se encuentra imputado por haber organizado un transporte de 389 kilos de coca\u00edna descubierto en Rosario en 2020 y por el cual ya fueron condenadas otras cinco personas. De acuerdo con la investigaci\u00f3n, el acusado ofrec\u00eda el transporte en avionetas de [&hellip;]<\/p>\n","protected":false},"author":2,"featured_media":69134,"comment_status":"open","ping_status":"open","sticky":false,"template":"","format":"standard","meta":{"tdm_status":"","tdm_grid_status":"","_joinchat":[],"footnotes":""},"categories":[63],"tags":[],"class_list":{"0":"post-69133","1":"post","2":"type-post","3":"status-publish","4":"format-standard","5":"has-post-thumbnail","7":"category-policiales"},"amp_enabled":true,"_links":{"self":[{"href":"https:\/\/www.todoeldia.com\/index.php\/wp-json\/wp\/v2\/posts\/69133","targetHints":{"allow":["GET"]}}],"collection":[{"href":"https:\/\/www.todoeldia.com\/index.php\/wp-json\/wp\/v2\/posts"}],"about":[{"href":"https:\/\/www.todoeldia.com\/index.php\/wp-json\/wp\/v2\/types\/post"}],"author":[{"embeddable":true,"href":"https:\/\/www.todoeldia.com\/index.php\/wp-json\/wp\/v2\/users\/2"}],"replies":[{"embeddable":true,"href":"https:\/\/www.todoeldia.com\/index.php\/wp-json\/wp\/v2\/comments?post=69133"}],"version-history":[{"count":1,"href":"https:\/\/www.todoeldia.com\/index.php\/wp-json\/wp\/v2\/posts\/69133\/revisions"}],"predecessor-version":[{"id":69135,"href":"https:\/\/www.todoeldia.com\/index.php\/wp-json\/wp\/v2\/posts\/69133\/revisions\/69135"}],"wp:featuredmedia":[{"embeddable":true,"href":"https:\/\/www.todoeldia.com\/index.php\/wp-json\/wp\/v2\/media\/69134"}],"wp:attachment":[{"href":"https:\/\/www.todoeldia.com\/index.php\/wp-json\/wp\/v2\/media?parent=69133"}],"wp:term":[{"taxonomy":"category","embeddable":true,"href":"https:\/\/www.todoeldia.com\/index.php\/wp-json\/wp\/v2\/categories?post=69133"},{"taxonomy":"post_tag","embeddable":true,"href":"https:\/\/www.todoeldia.com\/index.php\/wp-json\/wp\/v2\/tags?post=69133"}],"curies":[{"name":"wp","href":"https:\/\/api.w.org\/{rel}","templated":true}]}}