{"id":69138,"date":"2023-12-04T22:53:57","date_gmt":"2023-12-05T01:53:57","guid":{"rendered":"https:\/\/www.todoeldia.com\/?p=69138"},"modified":"2023-12-04T22:53:59","modified_gmt":"2023-12-05T01:53:59","slug":"fue-detenida-en-metan-y-no-declaro-una-mujer-acusada-de-prenderle-fuego-a-un-hombre-en-situacion-de-calle","status":"publish","type":"post","link":"https:\/\/www.todoeldia.com\/index.php\/2023\/12\/04\/fue-detenida-en-metan-y-no-declaro-una-mujer-acusada-de-prenderle-fuego-a-un-hombre-en-situacion-de-calle\/","title":{"rendered":"Fue detenida en Metan y no declar\u00f3 una mujer acusada de prenderle fuego a un hombre en situaci\u00f3n de calle"},"content":{"rendered":"\n<p>Luego de permanecer pr\u00f3fuga, fue detenida e imputada una mujer acusada de rociarle alcohol y prenderle fuego a un hombre en situaci\u00f3n de calle. Se solicit\u00f3 su prisi\u00f3n preventiva.<\/p>\n\n\n\n<p>El fiscal penal 2 de la Unidad de Graves Atentados contra las Personas, Gabriel Gonz\u00e1lez, imput\u00f3 de forma provisional a una mujer de 39 a\u00f1os como autora del delito de homicidio calificado por realizarse con ensa\u00f1amiento y alevos\u00eda en perjuicio de un hombre de 35 a\u00f1os.<\/p>\n\n\n\n<p>La acusada estuvo acompa\u00f1ada de un defensor oficial y se abstuvo de declarar. Desde la Fiscal\u00eda se solicit\u00f3 al Juzgado de Garant\u00edas 3 del distrito centro su prisi\u00f3n preventiva.<\/p>\n\n\n\n<p>El hecho investigado ocurri\u00f3 el pasado 18 de octubre en inmediaciones de la calle Filiberto de Menes y Julio Roca de la ciudad de Salta, donde un hombre de 35 a\u00f1os, quien se encontraba en situaci\u00f3n de calle, fue rociado con alcohol y prendido fuego mientras dorm\u00eda, por lo cual result\u00f3 lesionado y finalmente falleci\u00f3.<\/p>\n\n\n\n<p>La mujer fue identificada por personal de la Unidad de Investigaci\u00f3n UGAP como la principal sospechosa de haber cometido el il\u00edcito y tras permanecer pr\u00f3fuga, fue detenida en la ciudad de Met\u00e1n, desde donde fue trasladada a esta ciudad e imputada el pasado s\u00e1bado.<\/p>\n","protected":false},"excerpt":{"rendered":"<p>Luego de permanecer pr\u00f3fuga, fue detenida e imputada una mujer acusada de rociarle alcohol y prenderle fuego a un hombre en situaci\u00f3n de calle. Se solicit\u00f3 su prisi\u00f3n preventiva. El fiscal penal 2 de la Unidad de Graves Atentados contra las Personas, Gabriel Gonz\u00e1lez, imput\u00f3 de forma provisional a una mujer de 39 a\u00f1os como [&hellip;]<\/p>\n","protected":false},"author":2,"featured_media":48195,"comment_status":"open","ping_status":"open","sticky":false,"template":"","format":"standard","meta":{"tdm_status":"","tdm_grid_status":"","_joinchat":[],"footnotes":""},"categories":[63],"tags":[],"class_list":{"0":"post-69138","1":"post","2":"type-post","3":"status-publish","4":"format-standard","5":"has-post-thumbnail","7":"category-policiales"},"amp_enabled":true,"_links":{"self":[{"href":"https:\/\/www.todoeldia.com\/index.php\/wp-json\/wp\/v2\/posts\/69138","targetHints":{"allow":["GET"]}}],"collection":[{"href":"https:\/\/www.todoeldia.com\/index.php\/wp-json\/wp\/v2\/posts"}],"about":[{"href":"https:\/\/www.todoeldia.com\/index.php\/wp-json\/wp\/v2\/types\/post"}],"author":[{"embeddable":true,"href":"https:\/\/www.todoeldia.com\/index.php\/wp-json\/wp\/v2\/users\/2"}],"replies":[{"embeddable":true,"href":"https:\/\/www.todoeldia.com\/index.php\/wp-json\/wp\/v2\/comments?post=69138"}],"version-history":[{"count":1,"href":"https:\/\/www.todoeldia.com\/index.php\/wp-json\/wp\/v2\/posts\/69138\/revisions"}],"predecessor-version":[{"id":69139,"href":"https:\/\/www.todoeldia.com\/index.php\/wp-json\/wp\/v2\/posts\/69138\/revisions\/69139"}],"wp:featuredmedia":[{"embeddable":true,"href":"https:\/\/www.todoeldia.com\/index.php\/wp-json\/wp\/v2\/media\/48195"}],"wp:attachment":[{"href":"https:\/\/www.todoeldia.com\/index.php\/wp-json\/wp\/v2\/media?parent=69138"}],"wp:term":[{"taxonomy":"category","embeddable":true,"href":"https:\/\/www.todoeldia.com\/index.php\/wp-json\/wp\/v2\/categories?post=69138"},{"taxonomy":"post_tag","embeddable":true,"href":"https:\/\/www.todoeldia.com\/index.php\/wp-json\/wp\/v2\/tags?post=69138"}],"curies":[{"name":"wp","href":"https:\/\/api.w.org\/{rel}","templated":true}]}}