{"id":69142,"date":"2023-12-04T23:09:02","date_gmt":"2023-12-05T02:09:02","guid":{"rendered":"https:\/\/www.todoeldia.com\/?p=69142"},"modified":"2023-12-04T23:09:05","modified_gmt":"2023-12-05T02:09:05","slug":"la-mujer-asesinada-en-cordoba-fue-enterrada-en-el-campo-de-la-familia-de-su-ex-preso-por-el-femicidio","status":"publish","type":"post","link":"https:\/\/www.todoeldia.com\/index.php\/2023\/12\/04\/la-mujer-asesinada-en-cordoba-fue-enterrada-en-el-campo-de-la-familia-de-su-ex-preso-por-el-femicidio\/","title":{"rendered":"La mujer asesinada en C\u00f3rdoba fue enterrada en el campo de la familia de su ex, preso por el femicidio"},"content":{"rendered":"\n<p>El padre del hijo de Valeria Alejandra Gancedo (36) fue quien revel\u00f3 d\u00f3nde estaba el cad\u00e1ver. Los forenses afirman que la mujer llevaba varios d\u00edas fallecida.<\/p>\n\n\n\n<p>El cuerpo de Valeria Alejandra Gancedo, quien fue hallada asesinada el pasado s\u00e1bado en la provincia de C\u00f3rdoba luego de estar desaparecida durante una semana, fue enterrado en un campo de la familia de su ex pareja y padre de su hijo de 5 a\u00f1os, que permanece detenido por el femicidio. Las pericias indican que el cad\u00e1ver ya estaba en descomposici\u00f3n: para los forenses la mujer llevaba varios d\u00edas fallecida.<\/p>\n\n\n\n<figure class=\"wp-block-image size-full is-resized\"><img loading=\"lazy\" decoding=\"async\" width=\"768\" height=\"768\" src=\"https:\/\/www.todoeldia.com\/wp-content\/uploads\/2023\/12\/image-41.png\" alt=\"\" class=\"wp-image-69145\" style=\"width:914px;height:auto\" srcset=\"https:\/\/www.todoeldia.com\/wp-content\/uploads\/2023\/12\/image-41.png 768w, https:\/\/www.todoeldia.com\/wp-content\/uploads\/2023\/12\/image-41-300x300.png 300w, https:\/\/www.todoeldia.com\/wp-content\/uploads\/2023\/12\/image-41-150x150.png 150w, https:\/\/www.todoeldia.com\/wp-content\/uploads\/2023\/12\/image-41-696x696.png 696w, https:\/\/www.todoeldia.com\/wp-content\/uploads\/2023\/12\/image-41-420x420.png 420w\" sizes=\"auto, (max-width: 768px) 100vw, 768px\" \/><\/figure>\n\n\n\n<p><strong>Alejandro Quinteros, la ex pareja de la v\u00edctima<\/strong><\/p>\n\n\n\n<p>La mujer de A\u00f1atuya, Santiago del Estero, hab\u00eda sido vista por \u00faltima vez el lunes 27 de noviembre tras compartir una cena con el principal sospechoso, luego identificado como Alejandro Quinteros. Fue \u00e9l quien revel\u00f3 d\u00f3nde se hallaba el cad\u00e1ver de la v\u00edctima. \u201cHizo una fosa y la enterr\u00f3\u201d, confiaron fuentes de la investigaci\u00f3n a la agencia T\u00e9lam.<\/p>\n\n\n\n<p>De acuerdo con las mismas fuentes, el hombre ocult\u00f3 el cuerpo en un campo que le pertenece a su familia, ubicado cerca de Impira, a 15 kil\u00f3metros de Oncativo, donde \u00e9l se desempe\u00f1aba como ingeniero agr\u00f3nomo.<\/p>\n\n\n\n<p>La v\u00edctima hab\u00eda hecho al menos dos denuncias por violencia familiar contra Quinteros y ten\u00eda una orden de restricci\u00f3n que hab\u00eda vencido el 23 del mismo mes. Sin embargo, nunca la renov\u00f3. Por eso, para la Justicia, el hombre es el principal sospechoso.<\/p>\n\n\n\n<p>La confesi\u00f3n<\/p>\n\n\n\n<figure class=\"wp-block-image size-full\"><img loading=\"lazy\" decoding=\"async\" width=\"992\" height=\"850\" src=\"https:\/\/www.todoeldia.com\/wp-content\/uploads\/2023\/12\/image-42.png\" alt=\"\" class=\"wp-image-69146\" srcset=\"https:\/\/www.todoeldia.com\/wp-content\/uploads\/2023\/12\/image-42.png 992w, https:\/\/www.todoeldia.com\/wp-content\/uploads\/2023\/12\/image-42-300x257.png 300w, https:\/\/www.todoeldia.com\/wp-content\/uploads\/2023\/12\/image-42-768x658.png 768w, https:\/\/www.todoeldia.com\/wp-content\/uploads\/2023\/12\/image-42-696x596.png 696w, https:\/\/www.todoeldia.com\/wp-content\/uploads\/2023\/12\/image-42-490x420.png 490w\" sizes=\"auto, (max-width: 992px) 100vw, 992px\" \/><\/figure>\n\n\n\n<p><strong>El caso es investigado por el fiscal de instrucci\u00f3n de R\u00edo Segundo, Manuel Ay\u00e1n<\/strong><\/p>\n\n\n\n<p>Seg\u00fan El Doce TV, los agentes encontraron a Quinteros en la casa de su padre. \u201cEstaba muy tranquilo, pero al preguntarle cosas que pod\u00edan ser sencillas de responder demoraba en la respuesta o las evad\u00eda\u201d, precis\u00f3 una alta fuente de la investigaci\u00f3n a dicho medio y aclar\u00f3 que en varias oportunidades el hombre respondi\u00f3: \u201cNo me acuerdo\u201d.<\/p>\n\n\n\n<p>Con el correr de las horas, el acusado de matar a su ex pareja y madre de su hijo empez\u00f3 a ponerse nervioso y dej\u00f3 atr\u00e1s esa tranquilidad que lo caracteriz\u00f3 al principio del interrogatorio. Hubo una pregunta que lo dej\u00f3 expuesto hasta que, finalmente, se quebr\u00f3 y confes\u00f3.<\/p>\n\n\n\n<p>Fue despu\u00e9s de que le consultaron desde cu\u00e1ndo ten\u00eda a su hijo. El hombre no supo qu\u00e9 responder.<\/p>\n\n\n\n<p>Antes de que el acusado confesara a d\u00f3nde estaba el cuerpo de Gancedo, la Polic\u00eda inspeccion\u00f3 la casa que compart\u00edan tiempo atr\u00e1s, ubicada en el barrio Hipotecario. \u201cNo hab\u00eda nada. Lo que s\u00ed nos llam\u00f3 la atenci\u00f3n fueron los preparativos para el cumplea\u00f1os del nene de 5 a\u00f1os\u201d, asegur\u00f3 una fuente del caso a portal cordob\u00e9s.<\/p>\n\n\n\n<p>Lo mismo hab\u00eda contado Melisa Gancedo, la hermana de la v\u00edctima. Es que, antes de que se hallara su cad\u00e1ver, Valeria estaba preparando el festejo de su hijo, que cumpli\u00f3 a\u00f1os el 29 de noviembre. De hecho, su familia de Santiago del Estero ten\u00eda previsto viajar para la celebraci\u00f3n.<\/p>\n","protected":false},"excerpt":{"rendered":"<p>El padre del hijo de Valeria Alejandra Gancedo (36) fue quien revel\u00f3 d\u00f3nde estaba el cad\u00e1ver. Los forenses afirman que la mujer llevaba varios d\u00edas fallecida. El cuerpo de Valeria Alejandra Gancedo, quien fue hallada asesinada el pasado s\u00e1bado en la provincia de C\u00f3rdoba luego de estar desaparecida durante una semana, fue enterrado en un [&hellip;]<\/p>\n","protected":false},"author":2,"featured_media":69143,"comment_status":"open","ping_status":"open","sticky":false,"template":"","format":"standard","meta":{"tdm_status":"","tdm_grid_status":"","_joinchat":[],"footnotes":""},"categories":[63],"tags":[],"class_list":{"0":"post-69142","1":"post","2":"type-post","3":"status-publish","4":"format-standard","5":"has-post-thumbnail","7":"category-policiales"},"amp_enabled":true,"_links":{"self":[{"href":"https:\/\/www.todoeldia.com\/index.php\/wp-json\/wp\/v2\/posts\/69142","targetHints":{"allow":["GET"]}}],"collection":[{"href":"https:\/\/www.todoeldia.com\/index.php\/wp-json\/wp\/v2\/posts"}],"about":[{"href":"https:\/\/www.todoeldia.com\/index.php\/wp-json\/wp\/v2\/types\/post"}],"author":[{"embeddable":true,"href":"https:\/\/www.todoeldia.com\/index.php\/wp-json\/wp\/v2\/users\/2"}],"replies":[{"embeddable":true,"href":"https:\/\/www.todoeldia.com\/index.php\/wp-json\/wp\/v2\/comments?post=69142"}],"version-history":[{"count":1,"href":"https:\/\/www.todoeldia.com\/index.php\/wp-json\/wp\/v2\/posts\/69142\/revisions"}],"predecessor-version":[{"id":69147,"href":"https:\/\/www.todoeldia.com\/index.php\/wp-json\/wp\/v2\/posts\/69142\/revisions\/69147"}],"wp:featuredmedia":[{"embeddable":true,"href":"https:\/\/www.todoeldia.com\/index.php\/wp-json\/wp\/v2\/media\/69143"}],"wp:attachment":[{"href":"https:\/\/www.todoeldia.com\/index.php\/wp-json\/wp\/v2\/media?parent=69142"}],"wp:term":[{"taxonomy":"category","embeddable":true,"href":"https:\/\/www.todoeldia.com\/index.php\/wp-json\/wp\/v2\/categories?post=69142"},{"taxonomy":"post_tag","embeddable":true,"href":"https:\/\/www.todoeldia.com\/index.php\/wp-json\/wp\/v2\/tags?post=69142"}],"curies":[{"name":"wp","href":"https:\/\/api.w.org\/{rel}","templated":true}]}}