{"id":69156,"date":"2023-12-05T09:58:22","date_gmt":"2023-12-05T12:58:22","guid":{"rendered":"https:\/\/www.todoeldia.com\/?p=69156"},"modified":"2023-12-05T09:58:26","modified_gmt":"2023-12-05T12:58:26","slug":"la-pobreza-fue-del-447-en-el-tercer-trimestre-de-2023-y-sin-planes-sociales-se-acercaria-al-50","status":"publish","type":"post","link":"https:\/\/www.todoeldia.com\/index.php\/2023\/12\/05\/la-pobreza-fue-del-447-en-el-tercer-trimestre-de-2023-y-sin-planes-sociales-se-acercaria-al-50\/","title":{"rendered":"La pobreza fue del 44,7% en el tercer trimestre de 2023 y sin planes sociales se acercar\u00eda al 50%"},"content":{"rendered":"\n<p>Los datos surgen del \u00faltimo informe del Observatorio de la Deuda Social Argentina. En la poblaci\u00f3n de 0 a 17 a\u00f1os, la pobreza afect\u00f3 al 62,9% de los ni\u00f1os y ni\u00f1as.<\/p>\n\n\n\n<p>En un a\u00f1o marcado por la crisis econ\u00f3mica, el impacto sobre los datos de pobreza se volvi\u00f3 inevitable e incluso empeorar\u00e1n en los pr\u00f3ximos meses. Para el tercer trimestre de a\u00f1o, seg\u00fan la medici\u00f3n de la UCA, la pobreza ser\u00e1 del 44,7% y la indigencia llegar\u00e1 al 9,6%, mientras que, si se eliminaran los planes sociales, los \u00edndices se acercar\u00edan el 50%. En tanto, la pobreza afect\u00f3 al 62,9% de los ni\u00f1os y ni\u00f1as.<\/p>\n\n\n\n<figure class=\"wp-block-image size-large\"><img loading=\"lazy\" decoding=\"async\" width=\"1024\" height=\"576\" src=\"https:\/\/www.todoeldia.com\/wp-content\/uploads\/2023\/12\/image-47-1024x576.png\" alt=\"\" class=\"wp-image-69158\" srcset=\"https:\/\/www.todoeldia.com\/wp-content\/uploads\/2023\/12\/image-47-1024x576.png 1024w, https:\/\/www.todoeldia.com\/wp-content\/uploads\/2023\/12\/image-47-300x169.png 300w, https:\/\/www.todoeldia.com\/wp-content\/uploads\/2023\/12\/image-47-768x432.png 768w, https:\/\/www.todoeldia.com\/wp-content\/uploads\/2023\/12\/image-47-696x392.png 696w, https:\/\/www.todoeldia.com\/wp-content\/uploads\/2023\/12\/image-47-1068x601.png 1068w, https:\/\/www.todoeldia.com\/wp-content\/uploads\/2023\/12\/image-47-747x420.png 747w, https:\/\/www.todoeldia.com\/wp-content\/uploads\/2023\/12\/image-47.png 1440w\" sizes=\"auto, (max-width: 1024px) 100vw, 1024px\" \/><\/figure>\n\n\n\n<p>El \u00faltimo informe del Observatorio de la Deuda Social Argentina de la UCA -que define a la pobreza como la privaci\u00f3n econ\u00f3mica que afecta al desarrollo de las capacidades humanas en diferentes dimensiones de la vida social- describi\u00f3 que el aumento de las cifras de pobreza e indigencia se explica por el freno al crecimiento econ\u00f3mico, la inflaci\u00f3n y la falta de creaci\u00f3n de empleo formal.<\/p>\n\n\n\n<p>A modo de ejemplo, durante los \u00faltimos 23 a\u00f1os el crecimiento promedio per c\u00e1pita fue del 0,73% anual, \u201cclaramente deficitario para atender deudas sociales hist\u00f3ricas, o para dar un salto en ciencia y tecnolog\u00eda, o para responder a justas demandas sociales, y, sobre todo, permitir invertir en el capital humano de las nuevas generaciones\u201d, indic\u00f3 el documento, que traza una radiograf\u00eda social desde junio a septiembre de este a\u00f1o.<\/p>\n\n\n\n<p>\u201cLa causa de la pobreza ha sido y sigue siendo la falta de inversi\u00f3n y de un crecimiento equilibrado entre sectores din\u00e1micos y sectores tradicionales, con capacidad de generar m\u00e1s y mejores empleos, o, incluso, trabajos dignos en la econom\u00eda informal\u201d, sostuvo el escrito, que reforz\u00f3 que con cada nueva crisis aumentan las cifras de pobreza y pese a los per\u00edodos de recuperaci\u00f3n, no se vuelve al per\u00edodo inicial.<\/p>\n\n\n\n<p>Qu\u00e9 pas\u00f3 con la pobreza en el tercer trimestre del a\u00f1o, seg\u00fan la UCA<\/p>\n\n\n\n<p>En concreto, para la UCA, la pobreza en el tercer trimestre del a\u00f1o lleg\u00f3 al 44,7%, lo cual represent\u00f3 una suba de 1,6 puntos en relaci\u00f3n con la misma medici\u00f3n al cierre de 2022. En tanto, la indigencia se ubic\u00f3 en 9,6%, que signific\u00f3 una suba de 1,5 puntos comparado con los meses finales del a\u00f1o anterior.<\/p>\n\n\n\n<p>En el caso de las cifras de pobreza, la situaci\u00f3n se agrava si se observa la incidencia en los ni\u00f1os y ni\u00f1as, ya que, en la poblaci\u00f3n de 0 a 17 a\u00f1os, la pobreza llega a 62,9%.<\/p>\n\n\n\n<figure class=\"wp-block-image size-large\"><img loading=\"lazy\" decoding=\"async\" width=\"1024\" height=\"577\" src=\"https:\/\/www.todoeldia.com\/wp-content\/uploads\/2023\/12\/image-48-1024x577.png\" alt=\"\" class=\"wp-image-69159\" srcset=\"https:\/\/www.todoeldia.com\/wp-content\/uploads\/2023\/12\/image-48-1024x577.png 1024w, https:\/\/www.todoeldia.com\/wp-content\/uploads\/2023\/12\/image-48-300x169.png 300w, https:\/\/www.todoeldia.com\/wp-content\/uploads\/2023\/12\/image-48-768x433.png 768w, https:\/\/www.todoeldia.com\/wp-content\/uploads\/2023\/12\/image-48-696x392.png 696w, https:\/\/www.todoeldia.com\/wp-content\/uploads\/2023\/12\/image-48-1068x601.png 1068w, https:\/\/www.todoeldia.com\/wp-content\/uploads\/2023\/12\/image-48-746x420.png 746w, https:\/\/www.todoeldia.com\/wp-content\/uploads\/2023\/12\/image-48.png 1440w\" sizes=\"auto, (max-width: 1024px) 100vw, 1024px\" \/><\/figure>\n\n\n\n<p>Aqu\u00ed aparece tambi\u00e9n un punto clave, que es la relevancia que tom\u00f3 la asistencia social para recomponer los ingresos de la poblaci\u00f3n m\u00e1s vulnerable. A saber, el informe de la UCA se\u00f1al\u00f3 que la tasa de pobreza del 44,7% se elevar\u00eda al 46,6% si esas personas no recibieran bonos extraordinarios, llegar\u00eda a 47,6% sin la Asignaci\u00f3n Universal por Hijo (AUH) y otros programas; y ser\u00eda del 49,1% si se eliminara la AUH, otros programas y las pensiones no contributivas.<\/p>\n\n\n\n<p>Para el caso de la indigencia, cuya tasa promedio para el tercer trimestre de 2023 fue del 9,6%, la cifra subir\u00eda a 11,3% sin bonos extraordinarios; ir\u00eda a 17,1% sin la Asignaci\u00f3n Universal por Hijo (AUH) y otros programas; y ser\u00eda del 20,1% sin la AUH, otros programas y las pensiones no contributivas.<\/p>\n","protected":false},"excerpt":{"rendered":"<p>Los datos surgen del \u00faltimo informe del Observatorio de la Deuda Social Argentina. En la poblaci\u00f3n de 0 a 17 a\u00f1os, la pobreza afect\u00f3 al 62,9% de los ni\u00f1os y ni\u00f1as. En un a\u00f1o marcado por la crisis econ\u00f3mica, el impacto sobre los datos de pobreza se volvi\u00f3 inevitable e incluso empeorar\u00e1n en los pr\u00f3ximos [&hellip;]<\/p>\n","protected":false},"author":2,"featured_media":69157,"comment_status":"open","ping_status":"open","sticky":false,"template":"","format":"standard","meta":{"tdm_status":"","tdm_grid_status":"","_joinchat":[],"footnotes":""},"categories":[60],"tags":[],"class_list":{"0":"post-69156","1":"post","2":"type-post","3":"status-publish","4":"format-standard","5":"has-post-thumbnail","7":"category-economia"},"amp_enabled":true,"_links":{"self":[{"href":"https:\/\/www.todoeldia.com\/index.php\/wp-json\/wp\/v2\/posts\/69156","targetHints":{"allow":["GET"]}}],"collection":[{"href":"https:\/\/www.todoeldia.com\/index.php\/wp-json\/wp\/v2\/posts"}],"about":[{"href":"https:\/\/www.todoeldia.com\/index.php\/wp-json\/wp\/v2\/types\/post"}],"author":[{"embeddable":true,"href":"https:\/\/www.todoeldia.com\/index.php\/wp-json\/wp\/v2\/users\/2"}],"replies":[{"embeddable":true,"href":"https:\/\/www.todoeldia.com\/index.php\/wp-json\/wp\/v2\/comments?post=69156"}],"version-history":[{"count":1,"href":"https:\/\/www.todoeldia.com\/index.php\/wp-json\/wp\/v2\/posts\/69156\/revisions"}],"predecessor-version":[{"id":69160,"href":"https:\/\/www.todoeldia.com\/index.php\/wp-json\/wp\/v2\/posts\/69156\/revisions\/69160"}],"wp:featuredmedia":[{"embeddable":true,"href":"https:\/\/www.todoeldia.com\/index.php\/wp-json\/wp\/v2\/media\/69157"}],"wp:attachment":[{"href":"https:\/\/www.todoeldia.com\/index.php\/wp-json\/wp\/v2\/media?parent=69156"}],"wp:term":[{"taxonomy":"category","embeddable":true,"href":"https:\/\/www.todoeldia.com\/index.php\/wp-json\/wp\/v2\/categories?post=69156"},{"taxonomy":"post_tag","embeddable":true,"href":"https:\/\/www.todoeldia.com\/index.php\/wp-json\/wp\/v2\/tags?post=69156"}],"curies":[{"name":"wp","href":"https:\/\/api.w.org\/{rel}","templated":true}]}}