{"id":69168,"date":"2023-12-05T11:43:07","date_gmt":"2023-12-05T14:43:07","guid":{"rendered":"https:\/\/www.todoeldia.com\/?p=69168"},"modified":"2023-12-05T11:43:10","modified_gmt":"2023-12-05T14:43:10","slug":"detienen-en-morillo-a-dos-delincuentes-que-se-habian-robado-un-novillo","status":"publish","type":"post","link":"https:\/\/www.todoeldia.com\/index.php\/2023\/12\/05\/detienen-en-morillo-a-dos-delincuentes-que-se-habian-robado-un-novillo\/","title":{"rendered":"Detienen en Morillo a dos delincuentes que se hab\u00edan robado un novillo"},"content":{"rendered":"\n<p>Una comisi\u00f3n policial a cargo de la Comisar\u00eda N\u00b0 2 de Coronel Juan Sola Morillo, llevaron a cabo las tareas investigativas que permitieron concretar la detenci\u00f3n de dos hombres implicados en el delito de abigeato y el secuestro de un animal vacuno.<\/p>\n\n\n\n<figure class=\"wp-block-image size-full\"><img loading=\"lazy\" decoding=\"async\" width=\"1024\" height=\"650\" src=\"https:\/\/www.todoeldia.com\/wp-content\/uploads\/2023\/12\/image-49.png\" alt=\"\" class=\"wp-image-69170\" srcset=\"https:\/\/www.todoeldia.com\/wp-content\/uploads\/2023\/12\/image-49.png 1024w, https:\/\/www.todoeldia.com\/wp-content\/uploads\/2023\/12\/image-49-300x190.png 300w, https:\/\/www.todoeldia.com\/wp-content\/uploads\/2023\/12\/image-49-768x488.png 768w, https:\/\/www.todoeldia.com\/wp-content\/uploads\/2023\/12\/image-49-696x442.png 696w, https:\/\/www.todoeldia.com\/wp-content\/uploads\/2023\/12\/image-49-662x420.png 662w\" sizes=\"auto, (max-width: 1024px) 100vw, 1024px\" \/><\/figure>\n\n\n\n<p>En un paraje distante a 35 kil\u00f3metros hacia el norte de Pluma de Pato, los uniformados al llegar a la zona lograron la demora de los investigados y el secuestro del animal denunciado del que no supieron justificar la procedencia.<\/p>\n\n\n\n<p>La Fiscal Penal de Embarcaci\u00f3n y el Juzgado de Garant\u00edas N\u00b0 1 l dispusieron causa de detenci\u00f3n a los demorados de 28 y 30 a\u00f1os, como as\u00ed tambi\u00e9n la entrega del animal vacuno a su propietario.<\/p>\n","protected":false},"excerpt":{"rendered":"<p>Una comisi\u00f3n policial a cargo de la Comisar\u00eda N\u00b0 2 de Coronel Juan Sola Morillo, llevaron a cabo las tareas investigativas que permitieron concretar la detenci\u00f3n de dos hombres implicados en el delito de abigeato y el secuestro de un animal vacuno. En un paraje distante a 35 kil\u00f3metros hacia el norte de Pluma de [&hellip;]<\/p>\n","protected":false},"author":2,"featured_media":69169,"comment_status":"open","ping_status":"open","sticky":false,"template":"","format":"standard","meta":{"tdm_status":"","tdm_grid_status":"","_joinchat":[],"footnotes":""},"categories":[63],"tags":[],"class_list":{"0":"post-69168","1":"post","2":"type-post","3":"status-publish","4":"format-standard","5":"has-post-thumbnail","7":"category-policiales"},"amp_enabled":true,"_links":{"self":[{"href":"https:\/\/www.todoeldia.com\/index.php\/wp-json\/wp\/v2\/posts\/69168","targetHints":{"allow":["GET"]}}],"collection":[{"href":"https:\/\/www.todoeldia.com\/index.php\/wp-json\/wp\/v2\/posts"}],"about":[{"href":"https:\/\/www.todoeldia.com\/index.php\/wp-json\/wp\/v2\/types\/post"}],"author":[{"embeddable":true,"href":"https:\/\/www.todoeldia.com\/index.php\/wp-json\/wp\/v2\/users\/2"}],"replies":[{"embeddable":true,"href":"https:\/\/www.todoeldia.com\/index.php\/wp-json\/wp\/v2\/comments?post=69168"}],"version-history":[{"count":1,"href":"https:\/\/www.todoeldia.com\/index.php\/wp-json\/wp\/v2\/posts\/69168\/revisions"}],"predecessor-version":[{"id":69171,"href":"https:\/\/www.todoeldia.com\/index.php\/wp-json\/wp\/v2\/posts\/69168\/revisions\/69171"}],"wp:featuredmedia":[{"embeddable":true,"href":"https:\/\/www.todoeldia.com\/index.php\/wp-json\/wp\/v2\/media\/69169"}],"wp:attachment":[{"href":"https:\/\/www.todoeldia.com\/index.php\/wp-json\/wp\/v2\/media?parent=69168"}],"wp:term":[{"taxonomy":"category","embeddable":true,"href":"https:\/\/www.todoeldia.com\/index.php\/wp-json\/wp\/v2\/categories?post=69168"},{"taxonomy":"post_tag","embeddable":true,"href":"https:\/\/www.todoeldia.com\/index.php\/wp-json\/wp\/v2\/tags?post=69168"}],"curies":[{"name":"wp","href":"https:\/\/api.w.org\/{rel}","templated":true}]}}